{"id":487636,"date":"2017-07-10T16:10:15","date_gmt":"2017-07-10T21:10:15","guid":{"rendered":"https:\/\/www.futboltotal.com.mx\/?p=487636"},"modified":"2017-07-10T16:10:15","modified_gmt":"2017-07-10T21:10:15","slug":"barcelona-quiere-a-kostas-manolas-de-la-roma","status":"publish","type":"post","link":"http:\/\/desarrollo.grupomedios.com\/futbol\/futbol-internacional\/barcelona-quiere-a-kostas-manolas-de-la-roma\/2017\/07","title":{"rendered":"Barcelona va tras un crack griego"},"content":{"rendered":"<p>El a\u00fan central de la <a href=\"https:\/\/www.futboltotal.com.mx\/2017\/07\/director-deportivo-la-roma-hablo-la-llegada-carlos-vela\/\" target=\"_blank\" rel=\"noopener noreferrer\"><span style=\"color: #333399;\"><strong>Roma<\/strong> <\/span><\/a>de la <strong><a href=\"https:\/\/www.futboltotal.com.mx\/2017\/03\/buffon-impone-record-juventus-sigue-imparable-en-la-serie-a\/\" target=\"_blank\" rel=\"noopener noreferrer\"><span style=\"color: #333399;\">Serie A<\/span><\/a>, <a href=\"https:\/\/www.futboltotal.com.mx\/2016\/10\/barcelona-busca-al-defensa-la-roma-kostas-manolas\/\" target=\"_blank\" rel=\"noopener noreferrer\"><span style=\"color: #333399;\">Kostas Manolas<\/span><\/a><\/strong>, se encuentra en la mira del <a href=\"https:\/\/www.futboltotal.com.mx\/2017\/07\/barca-esperara-a-verratti-hasta-agosto\/\" target=\"_blank\" rel=\"noopener noreferrer\"><span style=\"color: #333399;\"><strong>FC Barcelona<\/strong><\/span><\/a> para apuntalar su zona baja en la pr\u00f3xima campa\u00f1a.<\/p>\n<p style=\"text-align: center;\"><a href=\"https:\/\/www.futboltotal.com.mx\/2017\/07\/paulinho-espera-guagzhou-sea-flexibe-barcelona\/\" target=\"_blank\" rel=\"noopener noreferrer\"><span style=\"color: #333399;\">VER M\u00c1S:\u00a0Paulinho espera que el Guagzhou sea \u201cflexibe\u201d con el Barcelona<\/span><\/a><\/p>\n<p>El conjunto cul\u00e9 se podr\u00eda ver beneficiado de la cesi\u00f3n de <span style=\"color: #333399;\"><strong>Vermaelen<\/strong><\/span> a <em>La Loba\u00a0<\/em>la temporada pasada, ya que se reserv\u00f3 una opci\u00f3n de compra por el central griego.<\/p>\n<p>\u201cSiempre hago as cosas preservando los intereses de la Roma. La idea es que nadie se va\u201d, dijo el director deportivo del conjunto italiano, <strong>Monchi<\/strong>.<\/p>\n<p style=\"text-align: center;\"><a href=\"https:\/\/www.futboltotal.com.mx\/2017\/07\/cruz-azul-femenino-jugara-en-estadio-azul\/\" target=\"_blank\" rel=\"noopener noreferrer\"><span style=\"color: #333399;\">VER M\u00c1S:\u00a0Cruz Azul femenino no jugar\u00e1 en el estadio azul<\/span><\/a><\/p>\n<p>De acuerdo con informaci\u00f3n del agente del jugador, <strong>Manolas<\/strong> tendr\u00eda pensado recalar en alg\u00fan equipo grande de <strong>Europa<\/strong>, tras rechazar la oferta del <a href=\"https:\/\/www.futboltotal.com.mx\/2015\/09\/helga-lovekaty-la-inspiracion-del-zenit\/\" target=\"_blank\" rel=\"noopener noreferrer\"><span style=\"color: #333399;\"><strong>Zenit<\/strong><\/span><\/a> de<strong> San Petersburgo.<\/strong><\/p>\n","protected":false},"excerpt":{"rendered":"<p>Lo quieren para que haga dupla con Piqu\u00e9.<\/p>\n","protected":false},"author":20,"featured_media":487639,"comment_status":"closed","ping_status":"closed","sticky":false,"template":"","format":"standard","meta":[],"categories":[7740,3839,3844,3848],"tags":[1083,9328,9329,320,9330,5958,3010,6064],"_links":{"self":[{"href":"http:\/\/desarrollo.grupomedios.com\/futbol\/wp-json\/wp\/v2\/posts\/487636"}],"collection":[{"href":"http:\/\/desarrollo.grupomedios.com\/futbol\/wp-json\/wp\/v2\/posts"}],"about":[{"href":"http:\/\/desarrollo.grupomedios.com\/futbol\/wp-json\/wp\/v2\/types\/post"}],"author":[{"embeddable":true,"href":"http:\/\/desarrollo.grupomedios.com\/futbol\/wp-json\/wp\/v2\/users\/20"}],"replies":[{"embeddable":true,"href":"http:\/\/desarrollo.grupomedios.com\/futbol\/wp-json\/wp\/v2\/comments?post=487636"}],"version-history":[{"count":2,"href":"http:\/\/desarrollo.grupomedios.com\/futbol\/wp-json\/wp\/v2\/posts\/487636\/revisions"}],"predecessor-version":[{"id":487640,"href":"http:\/\/desarrollo.grupomedios.com\/futbol\/wp-json\/wp\/v2\/posts\/487636\/revisions\/487640"}],"wp:featuredmedia":[{"embeddable":true,"href":"http:\/\/desarrollo.grupomedios.com\/futbol\/wp-json\/wp\/v2\/media\/487639"}],"wp:attachment":[{"href":"http:\/\/desarrollo.grupomedios.com\/futbol\/wp-json\/wp\/v2\/media?parent=487636"}],"wp:term":[{"taxonomy":"category","embeddable":true,"href":"http:\/\/desarrollo.grupomedios.com\/futbol\/wp-json\/wp\/v2\/categories?post=487636"},{"taxonomy":"post_tag","embeddable":true,"href":"http:\/\/desarrollo.grupomedios.com\/futbol\/wp-json\/wp\/v2\/tags?post=487636"}],"curies":[{"name":"wp","href":"https:\/\/api.w.org\/{rel}","templated":true}]}}