{"id":487642,"date":"2017-07-10T16:47:16","date_gmt":"2017-07-10T21:47:16","guid":{"rendered":"https:\/\/www.futboltotal.com.mx\/?p=487642"},"modified":"2017-07-10T16:47:37","modified_gmt":"2017-07-10T21:47:37","slug":"oribe-se-incorpora-pretemporada-club-america","status":"publish","type":"post","link":"http:\/\/desarrollo.grupomedios.com\/futbol\/uncategorized\/oribe-se-incorpora-pretemporada-club-america\/2017\/07","title":{"rendered":"Oribe se incorpor\u00f3 a la pretemporada de Am\u00e9rica"},"content":{"rendered":"<p><a href=\"https:\/\/www.futboltotal.com.mx\/2017\/06\/oribe-peralta-tercer-americanista-en-anotar-en-copa-confederaciones\/\" target=\"_blank\" rel=\"noopener noreferrer\"><span style=\"color: #333399;\"><strong>Oribe Peralta<\/strong><\/span><\/a> report\u00f3 este lunes con el <a href=\"https:\/\/www.futboltotal.com.mx\/2017\/07\/america-busca-repatriar-jonathan-dos-santos\/\" target=\"_blank\" rel=\"noopener noreferrer\"><span style=\"color: #333399;\"><strong>Club Am\u00e9rica<\/strong><\/span><\/a> despu\u00e9s de su participaci\u00f3n en la <a href=\"https:\/\/www.futboltotal.com.mx\/2017\/07\/gol-marco-fabian-a-alemania-elegido-mejor-confederaciones\/\" target=\"_blank\" rel=\"noopener noreferrer\"><span style=\"color: #333399;\"><strong>Copa Confederaciones<\/strong><\/span><\/a> con la <a href=\"https:\/\/www.futboltotal.com.mx\/2017\/07\/mexico-vence-a-el-salvador-en-su-debut-en-copa-oro\/\" target=\"_blank\" rel=\"noopener noreferrer\"><span style=\"color: #333399;\"><strong>Selecci\u00f3n Mexicana.<\/strong><\/span><\/a><\/p>\n<p style=\"text-align: center;\"><a href=\"https:\/\/www.futboltotal.com.mx\/2017\/07\/barcelona-quiere-a-kostas-manolas-de-la-roma\/\" target=\"_blank\" rel=\"noopener noreferrer\"><span style=\"color: #333399;\">VER M\u00c1S:\u00a0Barcelona va tras un crack griego<\/span><\/a><\/p>\n<p>Tal parece que el jugador de 33 a\u00f1os no saldr\u00e1 del club, luego de los rumores que lo pon\u00edan fuera del &#8216;Nido&#8217;, por lo que ya se integr\u00f3 a los trabajos y se puso a las \u00f3rdenes de <strong><a href=\"https:\/\/www.futboltotal.com.mx\/2017\/07\/oribe-ya-no-es-un-jovencito-miguel-herrera\/\" target=\"_blank\" rel=\"noopener noreferrer\"><span style=\"color: #333399;\">Miguel Herrera<\/span><\/a>.\u00a0<\/strong>El conjunto americanista se encuentra de gira en <strong>Estados Unidos<\/strong>, por lo que el <em>Cepillo<\/em> los alcanz\u00f3 en <strong>Salt Lake City.<\/strong><\/p>\n<p style=\"text-align: center;\"><a href=\"https:\/\/www.futboltotal.com.mx\/2017\/07\/pogba-avento-a-reportera-a-una-alberca-tras-perder-un-reto\/\" target=\"_blank\" rel=\"noopener noreferrer\"><span style=\"color: #333399;\">VER M\u00c1S.\u00a0Pogba avent\u00f3 a reportera a una alberca tras perder un reto<\/span><\/a><\/p>\n<p>Los pupilos del &#8216;Piojo&#8217; entrenaron en <strong>Park City<\/strong> previo al duelo de ma\u00f1ana ante <a href=\"https:\/\/www.futboltotal.com.mx\/2017\/06\/monarcas-desea-que-ruidiaz-no-salda-de-la-institucion\/\" target=\"_blank\" rel=\"noopener noreferrer\"><span style=\"color: #333399;\"><strong>Monarcas Morelia<\/strong><\/span><\/a>, en lo que ser\u00e1 su tercer encuentro de preparaci\u00f3n de cara al inicio del <a href=\"https:\/\/www.futboltotal.com.mx\/2017\/07\/calendario-completo-la-copa-mx-apertura-2017\/\" target=\"_blank\" rel=\"noopener noreferrer\"><span style=\"color: #333399;\"><strong>Apertura 2017.<\/strong><\/span><\/a><\/p>\n","protected":false},"excerpt":{"rendered":"<p>Peralta se integr\u00f3 a la pretemporada de Am\u00e9rica<\/p>\n","protected":false},"author":20,"featured_media":487643,"comment_status":"closed","ping_status":"closed","sticky":false,"template":"","format":"standard","meta":[],"categories":[1],"tags":[5959,8357,1580,784,62],"_links":{"self":[{"href":"http:\/\/desarrollo.grupomedios.com\/futbol\/wp-json\/wp\/v2\/posts\/487642"}],"collection":[{"href":"http:\/\/desarrollo.grupomedios.com\/futbol\/wp-json\/wp\/v2\/posts"}],"about":[{"href":"http:\/\/desarrollo.grupomedios.com\/futbol\/wp-json\/wp\/v2\/types\/post"}],"author":[{"embeddable":true,"href":"http:\/\/desarrollo.grupomedios.com\/futbol\/wp-json\/wp\/v2\/users\/20"}],"replies":[{"embeddable":true,"href":"http:\/\/desarrollo.grupomedios.com\/futbol\/wp-json\/wp\/v2\/comments?post=487642"}],"version-history":[{"count":2,"href":"http:\/\/desarrollo.grupomedios.com\/futbol\/wp-json\/wp\/v2\/posts\/487642\/revisions"}],"predecessor-version":[{"id":487645,"href":"http:\/\/desarrollo.grupomedios.com\/futbol\/wp-json\/wp\/v2\/posts\/487642\/revisions\/487645"}],"wp:featuredmedia":[{"embeddable":true,"href":"http:\/\/desarrollo.grupomedios.com\/futbol\/wp-json\/wp\/v2\/media\/487643"}],"wp:attachment":[{"href":"http:\/\/desarrollo.grupomedios.com\/futbol\/wp-json\/wp\/v2\/media?parent=487642"}],"wp:term":[{"taxonomy":"category","embeddable":true,"href":"http:\/\/desarrollo.grupomedios.com\/futbol\/wp-json\/wp\/v2\/categories?post=487642"},{"taxonomy":"post_tag","embeddable":true,"href":"http:\/\/desarrollo.grupomedios.com\/futbol\/wp-json\/wp\/v2\/tags?post=487642"}],"curies":[{"name":"wp","href":"https:\/\/api.w.org\/{rel}","templated":true}]}}