{"id":487670,"date":"2017-07-10T21:30:13","date_gmt":"2017-07-11T02:30:13","guid":{"rendered":"https:\/\/www.futboltotal.com.mx\/?p=487670"},"modified":"2017-07-10T21:30:38","modified_gmt":"2017-07-11T02:30:38","slug":"llega-o-no-jonathan-dos-santos-america-santiago-banos","status":"publish","type":"post","link":"http:\/\/desarrollo.grupomedios.com\/futbol\/destacado-home\/llega-o-no-jonathan-dos-santos-america-santiago-banos\/2017\/07","title":{"rendered":"\u00bfJona llega o no al Am\u00e9rica? Ba\u00f1os habl\u00f3 al respecto"},"content":{"rendered":"<p>Tras el rumor que coloc\u00f3 a <a href=\"https:\/\/www.futboltotal.com.mx\/2017\/07\/america-busca-repatriar-jonathan-dos-santos\/\" target=\"_blank\" rel=\"noopener noreferrer\"><span style=\"color: #333399;\"><strong>Jonathan Dos Santos<\/strong><\/span><\/a> en la \u00f3rbita del <strong><a href=\"https:\/\/www.futboltotal.com.mx\/2017\/07\/america-golea-al-puebla-en-duelo-amistoso\/\" target=\"_blank\" rel=\"noopener noreferrer\"><span style=\"color: #333399;\">Club Am\u00e9rica<\/span><\/a>, <a href=\"https:\/\/www.futboltotal.com.mx\/2017\/05\/santiago-banos-sucesor-ricardo-pelaez-en-america\/\" target=\"_blank\" rel=\"noopener noreferrer\"><span style=\"color: #333399;\">Santiago Ba\u00f1os<\/span><\/a><\/strong>, presidente deportivo del conjunto azulcrema, reconoci\u00f3 el talento y calidad del menor de los <strong>Dos Santos<\/strong>, sin embargo, neg\u00f3 en en entrevista para ESPN Digital, que haya existido alg\u00fan contacto con el jugador del <a href=\"https:\/\/www.futboltotal.com.mx\/2017\/05\/villarreal-tendria-en-la-mira-a-andre-pierre-gignac\/\" target=\"_blank\" rel=\"noopener noreferrer\"><span style=\"color: #333399;\"><strong>Villarreal.<\/strong><\/span><\/a><\/p>\n<p style=\"text-align: center;\"><a href=\"https:\/\/www.futboltotal.com.mx\/2017\/07\/advierten-a-mexico-debe-cuidarse-curazao\/\" target=\"_blank\" rel=\"noopener noreferrer\"><span style=\"color: #333399;\">VER M\u00c1S:\u00a0T\u00e9cnico mexicano advierte al Tri que debe cuidarse de Curazao<\/span><\/a><\/p>\n<p>\u201cJonathan Dos Santos interesa siempre, no s\u00f3lo al Am\u00e9rica, sino a todos los equipos del futbol mexicano. Tengo una buena relaci\u00f3n con \u00e9l, tambi\u00e9n Miguel, pero no ha habido contacto con Jona ni con el Villarreal, hoy su mente est\u00e1 en permanecer en Europa\u201d, dijo el dirigente y dej\u00f3 la puerta abierta para el mexicano, aunque reconoci\u00f3 que ser\u00e1 complicado.<\/p>\n<p>\u201cClaro que me gustar\u00eda y a Miguel tambi\u00e9n, pero no ha habido ningun contacto con Jonathan Dos Santos ni con el Villarreal, hasta ahora son puras especulaciones. Tuvo gran Copa Confederaciones, ojal\u00e1 un d\u00eda podamos contar con alguien de este nivel\u201d, a\u00f1adi\u00f3 el dirigente americanista, al tiempo de agregar que tampoco ha habido alg\u00fan acercamiento con <a href=\"https:\/\/www.futboltotal.com.mx\/2017\/06\/giovani-dos-santos-habria-rechazado-oferta-tigres\/\" target=\"_blank\" rel=\"noopener noreferrer\"><span style=\"color: #333399;\"><strong>Giovani.<\/strong><\/span><\/a><\/p>\n<p style=\"text-align: center;\"><a href=\"https:\/\/www.futboltotal.com.mx\/2017\/07\/no-vengo-a-everton-a-retiro-de-ancianos-wayne-rooney\/\" target=\"_blank\" rel=\"noopener noreferrer\"><span style=\"color: #333399;\">VER M\u00c1S:\u00a0\u201cNo vengo a Everton a un retiro de ancianos\u201d: Wayne Rooney<\/span><\/a><\/p>\n<p>\u201cTampoco con Giovani, llevaba una carrera muy exitosa en Europa y ahora est\u00e1 en Galaxy. Son jugadores diferentes y que entran siempre en un equipo como Am\u00e9rica\u201d.<\/p>\n<p>Por \u00faltimo, <strong>Ba\u00f1os<\/strong> dej\u00f3 entrever que el pr\u00f3ximo refuerzo del <strong>Am\u00e9rica<\/strong> ser\u00eda de <strong>Sudam\u00e9rica<\/strong> e incluso dijo que hay candidatos, aunque no revel\u00f3 nombres para no afectar las negociaciones.<\/p>\n<p style=\"text-align: center;\"><a href=\"https:\/\/www.futboltotal.com.mx\/2017\/07\/pizarro-se-despidio-de-tigres-con-emotivo-mensaje\/\" target=\"_blank\" rel=\"noopener noreferrer\"><span style=\"color: #333399;\">VER M\u00c1S:\u00a0Guido Pizarro se despidi\u00f3 de Tigres con emotivo mensaje<\/span><\/a><\/p>\n","protected":false},"excerpt":{"rendered":"<p>Santiago Ba\u00f1os termin\u00f3 con los rumores.<\/p>\n","protected":false},"author":20,"featured_media":487673,"comment_status":"closed","ping_status":"closed","sticky":false,"template":"","format":"standard","meta":[],"categories":[5,3839,2198,3845,6718],"tags":[1774,1580,5982,48,255,4372,2607],"_links":{"self":[{"href":"http:\/\/desarrollo.grupomedios.com\/futbol\/wp-json\/wp\/v2\/posts\/487670"}],"collection":[{"href":"http:\/\/desarrollo.grupomedios.com\/futbol\/wp-json\/wp\/v2\/posts"}],"about":[{"href":"http:\/\/desarrollo.grupomedios.com\/futbol\/wp-json\/wp\/v2\/types\/post"}],"author":[{"embeddable":true,"href":"http:\/\/desarrollo.grupomedios.com\/futbol\/wp-json\/wp\/v2\/users\/20"}],"replies":[{"embeddable":true,"href":"http:\/\/desarrollo.grupomedios.com\/futbol\/wp-json\/wp\/v2\/comments?post=487670"}],"version-history":[{"count":1,"href":"http:\/\/desarrollo.grupomedios.com\/futbol\/wp-json\/wp\/v2\/posts\/487670\/revisions"}],"predecessor-version":[{"id":487674,"href":"http:\/\/desarrollo.grupomedios.com\/futbol\/wp-json\/wp\/v2\/posts\/487670\/revisions\/487674"}],"wp:featuredmedia":[{"embeddable":true,"href":"http:\/\/desarrollo.grupomedios.com\/futbol\/wp-json\/wp\/v2\/media\/487673"}],"wp:attachment":[{"href":"http:\/\/desarrollo.grupomedios.com\/futbol\/wp-json\/wp\/v2\/media?parent=487670"}],"wp:term":[{"taxonomy":"category","embeddable":true,"href":"http:\/\/desarrollo.grupomedios.com\/futbol\/wp-json\/wp\/v2\/categories?post=487670"},{"taxonomy":"post_tag","embeddable":true,"href":"http:\/\/desarrollo.grupomedios.com\/futbol\/wp-json\/wp\/v2\/tags?post=487670"}],"curies":[{"name":"wp","href":"https:\/\/api.w.org\/{rel}","templated":true}]}}