{"id":487682,"date":"2017-07-10T19:42:38","date_gmt":"2017-07-11T00:42:38","guid":{"rendered":"https:\/\/www.futboltotal.com.mx\/?p=487682"},"modified":"2017-07-10T19:42:38","modified_gmt":"2017-07-11T00:42:38","slug":"zlatan-le-da-permiso-a-lukaku-de-portar-la-9-en-el-united","status":"publish","type":"post","link":"http:\/\/desarrollo.grupomedios.com\/futbol\/futbol-internacional\/zlatan-le-da-permiso-a-lukaku-de-portar-la-9-en-el-united\/2017\/07","title":{"rendered":"Zlatan le dio permiso a Lukaku de usar el &#8216;9&#8217; en el United"},"content":{"rendered":"<p>Luego de que el <a href=\"https:\/\/www.futboltotal.com.mx\/2017\/07\/manchester-united-negocia-con-james-tras-salida-de-rooney\/\" target=\"_blank\" rel=\"noopener noreferrer\"><span style=\"color: #333399;\"><strong>Manchester United<\/strong><\/span><\/a> hiciera oficial la contrataci\u00f3n de <a href=\"https:\/\/www.futboltotal.com.mx\/2017\/07\/manchester-united-confirma-llegada-lukaku-asi-reacciona-pogba\/\" target=\"_blank\" rel=\"noopener noreferrer\"><span style=\"color: #333399;\"><strong>Romelu Lukaku<\/strong><\/span><\/a>, el delantero belga revel\u00f3 no usar\u00eda la &#8217;10&#8217; que dej\u00f3 vacante <a href=\"https:\/\/www.futboltotal.com.mx\/2017\/07\/no-vengo-a-everton-a-retiro-de-ancianos-wayne-rooney\/\" target=\"_blank\" rel=\"noopener noreferrer\"><span style=\"color: #333399;\"><strong>Wayne Rooney<\/strong><\/span><\/a>, sino el dorsal &#8216;9&#8217;, tras recibir el permiso del delantero sueco <a href=\"https:\/\/www.futboltotal.com.mx\/2017\/07\/zlatan-volvera-a-la-juventus\/\" target=\"_blank\" rel=\"noopener noreferrer\"><span style=\"color: #333399;\"><strong>Zlatan Ibrahimovic.<\/strong><\/span><\/a><\/p>\n<p style=\"text-align: center;\"><a href=\"https:\/\/www.futboltotal.com.mx\/2017\/07\/ricardo-la-volpe-hay-jugadores-que-podrian-jugar-en-la-a\/\" target=\"_blank\" rel=\"noopener noreferrer\"><span style=\"color: #333399;\">VER M\u00c1S:\u00a0\u201cHay jugadores que podr\u00edan jugar en la Selecci\u00f3n A\u201d: La Volpe<\/span><\/a><\/p>\n<p>\u201cSiempre le pregunt\u00e9 a mi madre sobre qu\u00e9 n\u00famero usar. Sol\u00eda jugar con el &#8217;10&#8217; porque mi madre cumple a\u00f1os el 10 de octubre, que es el d\u00e9cimo mes del a\u00f1o\u201d, dijo en entrevista para ESPN.<\/p>\n<p style=\"text-align: center;\"><a href=\"https:\/\/www.futboltotal.com.mx\/2017\/07\/mary-carmen-lara-la-bella-diablita-del-toluca\/\" target=\"_blank\" rel=\"noopener noreferrer\"><span style=\"color: #333399;\">VER M\u00c1S:\u00a0Mary Carmen Lara, la bella diablita del Toluca<\/span><\/a><\/p>\n<p>\u201cPor eso jugaba con la &#8217;10&#8217;. Pero ped\u00ed usa la &#8216;9&#8217; porque es el n\u00famero del goleador. Los goleadores llevan la &#8216;9&#8217;, es un lindo n\u00famero y le ped\u00ed permiso a Zlatan Ibrahimovic. Le quiero agradecer a \u00e9l por permit\u00edrmelo\u201d, finaliz\u00f3.<\/p>\n","protected":false},"excerpt":{"rendered":"<p>Zlatan volvi\u00f3 a hacer de las suyas y ahora le toc\u00f3 a Lukaku<\/p>\n","protected":false},"author":20,"featured_media":479852,"comment_status":"closed","ping_status":"closed","sticky":false,"template":"","format":"standard","meta":[],"categories":[5419,3839,3846],"tags":[43,5321,6051,6059],"_links":{"self":[{"href":"http:\/\/desarrollo.grupomedios.com\/futbol\/wp-json\/wp\/v2\/posts\/487682"}],"collection":[{"href":"http:\/\/desarrollo.grupomedios.com\/futbol\/wp-json\/wp\/v2\/posts"}],"about":[{"href":"http:\/\/desarrollo.grupomedios.com\/futbol\/wp-json\/wp\/v2\/types\/post"}],"author":[{"embeddable":true,"href":"http:\/\/desarrollo.grupomedios.com\/futbol\/wp-json\/wp\/v2\/users\/20"}],"replies":[{"embeddable":true,"href":"http:\/\/desarrollo.grupomedios.com\/futbol\/wp-json\/wp\/v2\/comments?post=487682"}],"version-history":[{"count":1,"href":"http:\/\/desarrollo.grupomedios.com\/futbol\/wp-json\/wp\/v2\/posts\/487682\/revisions"}],"predecessor-version":[{"id":487683,"href":"http:\/\/desarrollo.grupomedios.com\/futbol\/wp-json\/wp\/v2\/posts\/487682\/revisions\/487683"}],"wp:featuredmedia":[{"embeddable":true,"href":"http:\/\/desarrollo.grupomedios.com\/futbol\/wp-json\/wp\/v2\/media\/479852"}],"wp:attachment":[{"href":"http:\/\/desarrollo.grupomedios.com\/futbol\/wp-json\/wp\/v2\/media?parent=487682"}],"wp:term":[{"taxonomy":"category","embeddable":true,"href":"http:\/\/desarrollo.grupomedios.com\/futbol\/wp-json\/wp\/v2\/categories?post=487682"},{"taxonomy":"post_tag","embeddable":true,"href":"http:\/\/desarrollo.grupomedios.com\/futbol\/wp-json\/wp\/v2\/tags?post=487682"}],"curies":[{"name":"wp","href":"https:\/\/api.w.org\/{rel}","templated":true}]}}