{"id":487693,"date":"2017-07-10T21:26:50","date_gmt":"2017-07-11T02:26:50","guid":{"rendered":"https:\/\/www.futboltotal.com.mx\/?p=487693"},"modified":"2017-07-10T21:26:50","modified_gmt":"2017-07-11T02:26:50","slug":"tigres-presento-sus-uniformes-para-apertura-2017","status":"publish","type":"post","link":"http:\/\/desarrollo.grupomedios.com\/futbol\/destacado-home\/tigres-presento-sus-uniformes-para-apertura-2017\/2017\/07","title":{"rendered":"Tigres present\u00f3 sus nuevas armaduras para el Apertura 2017"},"content":{"rendered":"<p>Los <a href=\"https:\/\/www.futboltotal.com.mx\/2017\/07\/pizarro-se-despidio-de-tigres-con-emotivo-mensaje\/\" target=\"_blank\" rel=\"noopener noreferrer\"><span style=\"color: #333399;\"><strong>Tigres de la UANL<\/strong><\/span><\/a> se encuentran trabajando de cara al arranque del <a href=\"https:\/\/www.futboltotal.com.mx\/2017\/07\/liga-mx-actualiza-escudo-chivas\/\" target=\"_blank\" rel=\"noopener noreferrer\"><span style=\"color: #333399;\"><strong>Apertura 2017<\/strong><\/span><\/a>, tras la salida de <a href=\"https:\/\/www.futboltotal.com.mx\/2017\/07\/guido-pizarro-cumplio-sueno-fue-presentado-sevilla\/\" target=\"_blank\" rel=\"noopener noreferrer\"><span style=\"color: #333399;\"><strong>Guido Pizarro<\/strong><\/span><\/a> al <a href=\"https:\/\/www.futboltotal.com.mx\/2017\/06\/ever-banega-sera-tigres-volvera-al-sevilla\/\" target=\"_blank\" rel=\"noopener noreferrer\"><span style=\"color: #333399;\"><strong>Sevilla<\/strong><\/span><\/a> y la llegada de <a href=\"https:\/\/www.futboltotal.com.mx\/2017\/07\/valencia-tuvo-su-primera-practica-con-tigres\/\" target=\"_blank\" rel=\"noopener noreferrer\"><span style=\"color: #333399;\"><strong>Enner Valencia<\/strong><\/span><\/a>, a la espera de\u00a0<strong><a href=\"https:\/\/www.futboltotal.com.mx\/2017\/07\/tigres-hara-gary-medel-sea-los-mejores-pagados-en-liga-mx\/\" target=\"_blank\" rel=\"noopener noreferrer\"><span style=\"color: #333399;\">Gary Medel<\/span><\/a>, <\/strong>quien<strong>\u00a0<\/strong>se convertir\u00eda en el \u00faltimo refuerzo del conjunto felino.<\/p>\n<p>Los 18 clubes de la <strong>Liga MX<\/strong> se encuentran presentando sus nuevos uniformes para el pr\u00f3ximo certamen y los dirigidos de <a href=\"https:\/\/www.futboltotal.com.mx\/2017\/06\/asi-reacciona-una-nina-al-conocer-al-tuca-ferretti\/\" target=\"_blank\" rel=\"noopener noreferrer\"><span style=\"color: #333399;\"><strong>Ricardo Ferretti<\/strong><\/span><\/a> no pod\u00edan ser la excepci\u00f3n. El conjunto regiomontano hizo la presentaci\u00f3n oficial de su nueva armadura para el\u00a0pr\u00f3ximo a\u00f1o futbol\u00edstico, dise\u00f1os que correr\u00e1n a cardo de <a href=\"https:\/\/www.futboltotal.com.mx\/2017\/06\/adidas-y-futbol-total-te-regalan-el-jersey-oficial-del-tri\/\" target=\"_blank\" rel=\"noopener noreferrer\"><span style=\"color: #333399;\">Adidas.<\/span><\/a><\/p>\n<p style=\"text-align: center;\"><a href=\"https:\/\/www.futboltotal.com.mx\/2017\/07\/boca-no-descarta-fichaje-de-cardona\/\" target=\"_blank\" rel=\"noopener noreferrer\"><span style=\"color: #333399;\">VER M\u00c1S:\u00a0Boca deja abierta la posibilidad de fichar a Edwin Cardona<\/span><\/a><\/p>\n<p>El uniforme de local conserva los colores tradicionales en amarillo y azul, destaca una franja azul al centro del pecho con la palabra Tigres, as\u00ed como un cuello en &#8216;V&#8217;, mientras que el short y las calcetas son\u00a0en color amarillo.<\/p>\n<p>La indumentaria de visitante sale de lo com\u00fan respecto a los anteriores dise\u00f1os, ya que en lugar de ser una combinaci\u00f3n entre azul y amarillo, esta ocasi\u00f3n optaron por el azul y blanco. La el\u00e1stica es en color azul con la cara del Tigre, en tanto que el short ser\u00e1 blanco y las calcetas en el mismo tono de la camiseta.<\/p>\n<p style=\"text-align: center;\"><a href=\"https:\/\/www.futboltotal.com.mx\/2017\/07\/marco-asensio-del-real-madrid-de-vacaciones-en-mexico\/\" target=\"_blank\" rel=\"noopener noreferrer\"><span style=\"color: #333399;\">VER M\u00c1S:\u00a0Jugador del Real Madrid vacaciona en M\u00e9xico<\/span><\/a><\/p>\n<p>&nbsp;<\/p>\n<blockquote class=\"twitter-tweet\" data-lang=\"es\">\n<p dir=\"ltr\" lang=\"es\">adidas y Tigres presentan kits de local y visitante para la<br \/>\ntemporada 2017-2018 <a href=\"https:\/\/t.co\/wFLQPEzwOO\">https:\/\/t.co\/wFLQPEzwOO<\/a> <a href=\"https:\/\/t.co\/Z68pyYLaCB\">pic.twitter.com\/Z68pyYLaCB<\/a><\/p>\n<p>\u2014 CLUB TIGRES OFICIAL (@TigresOficial) <a href=\"https:\/\/twitter.com\/TigresOficial\/status\/884594066867986432\">11 de julio de 2017<\/a><\/p><\/blockquote>\n<p><script async src=\"\/\/platform.twitter.com\/widgets.js\" charset=\"utf-8\"><\/script><\/p>\n<p>&nbsp;<\/p>\n<blockquote class=\"twitter-tweet\" data-lang=\"es\">\n<p dir=\"ltr\" lang=\"es\">La franja est\u00e1 de regreso. Pasi\u00f3n incomparable <a href=\"https:\/\/twitter.com\/TigresOficial\">@TigresOficial<\/a> <a href=\"https:\/\/twitter.com\/hashtag\/HereToCreate?src=hash\">#HereToCreate<\/a> <a href=\"https:\/\/t.co\/AFAG5cHsNq\">pic.twitter.com\/AFAG5cHsNq<\/a><\/p>\n<p>\u2014 adidas M\u00e9xico (@adidasMX) <a href=\"https:\/\/twitter.com\/adidasMX\/status\/884591924958691329\">11 de julio de 2017<\/a><\/p><\/blockquote>\n<p><script async src=\"\/\/platform.twitter.com\/widgets.js\" charset=\"utf-8\"><\/script><\/p>\n<p>&nbsp;<\/p>\n<blockquote class=\"twitter-tweet\" data-lang=\"es\">\n<p dir=\"ltr\" lang=\"es\">La franja azul en el amarillo se resalta. <a href=\"https:\/\/t.co\/d56FDnm3YQ\">pic.twitter.com\/d56FDnm3YQ<\/a><\/p>\n<p>\u2014 CLUB TIGRES OFICIAL (@TigresOficial) <a href=\"https:\/\/twitter.com\/TigresOficial\/status\/884582824627535872\">11 de julio de 2017<\/a><\/p><\/blockquote>\n<p><script async src=\"\/\/platform.twitter.com\/widgets.js\" charset=\"utf-8\"><\/script><\/p>\n<p>&nbsp;<\/p>\n<blockquote class=\"twitter-tweet\" data-lang=\"es\">\n<p dir=\"ltr\" lang=\"es\">Presentaci\u00f3n del nuevo uniforme 2017-2018 <a href=\"https:\/\/t.co\/RknIWU6R2Y\">pic.twitter.com\/RknIWU6R2Y<\/a><\/p>\n<p>\u2014 CLUB TIGRES OFICIAL (@TigresOficial) <a href=\"https:\/\/twitter.com\/TigresOficial\/status\/884582659082657792\">11 de julio de 2017<\/a><\/p><\/blockquote>\n<p><script async src=\"\/\/platform.twitter.com\/widgets.js\" charset=\"utf-8\"><\/script><\/p>\n","protected":false},"excerpt":{"rendered":"<p>\u00a1Chulada! Tigres present\u00f3 oficialmente sus nuevos uniformes<\/p>\n","protected":false},"author":20,"featured_media":487695,"comment_status":"closed","ping_status":"closed","sticky":false,"template":"","format":"standard","meta":[],"categories":[5419,5,2198,3845],"tags":[1560,8357,6108,9260,3991,64,212,5973],"_links":{"self":[{"href":"http:\/\/desarrollo.grupomedios.com\/futbol\/wp-json\/wp\/v2\/posts\/487693"}],"collection":[{"href":"http:\/\/desarrollo.grupomedios.com\/futbol\/wp-json\/wp\/v2\/posts"}],"about":[{"href":"http:\/\/desarrollo.grupomedios.com\/futbol\/wp-json\/wp\/v2\/types\/post"}],"author":[{"embeddable":true,"href":"http:\/\/desarrollo.grupomedios.com\/futbol\/wp-json\/wp\/v2\/users\/20"}],"replies":[{"embeddable":true,"href":"http:\/\/desarrollo.grupomedios.com\/futbol\/wp-json\/wp\/v2\/comments?post=487693"}],"version-history":[{"count":2,"href":"http:\/\/desarrollo.grupomedios.com\/futbol\/wp-json\/wp\/v2\/posts\/487693\/revisions"}],"predecessor-version":[{"id":487696,"href":"http:\/\/desarrollo.grupomedios.com\/futbol\/wp-json\/wp\/v2\/posts\/487693\/revisions\/487696"}],"wp:featuredmedia":[{"embeddable":true,"href":"http:\/\/desarrollo.grupomedios.com\/futbol\/wp-json\/wp\/v2\/media\/487695"}],"wp:attachment":[{"href":"http:\/\/desarrollo.grupomedios.com\/futbol\/wp-json\/wp\/v2\/media?parent=487693"}],"wp:term":[{"taxonomy":"category","embeddable":true,"href":"http:\/\/desarrollo.grupomedios.com\/futbol\/wp-json\/wp\/v2\/categories?post=487693"},{"taxonomy":"post_tag","embeddable":true,"href":"http:\/\/desarrollo.grupomedios.com\/futbol\/wp-json\/wp\/v2\/tags?post=487693"}],"curies":[{"name":"wp","href":"https:\/\/api.w.org\/{rel}","templated":true}]}}