{"id":487720,"date":"2017-07-11T10:38:22","date_gmt":"2017-07-11T15:38:22","guid":{"rendered":"https:\/\/www.futboltotal.com.mx\/?p=487720"},"modified":"2017-07-11T10:38:22","modified_gmt":"2017-07-11T15:38:22","slug":"rodolfo-pizarro-trollea-la-siesta-del-cubo-torres-en-pleno-vuelo","status":"publish","type":"post","link":"http:\/\/desarrollo.grupomedios.com\/futbol\/futbol-mexicano\/rodolfo-pizarro-trollea-la-siesta-del-cubo-torres-en-pleno-vuelo\/2017\/07","title":{"rendered":"Rodolfo Pizarro trollea la siesta del Cubo Torres en pleno vuelo"},"content":{"rendered":"<p>Pese a las cr\u00edticas existentes en torno a la <strong>Selecci\u00f3n Mexicana<\/strong> que participa en la <strong>Copa Oro 2017<\/strong>, el buen ambiente se nota entre sus jugadores, tal y como lo demostr\u00f3 <strong>Rodolfo Pizarro<\/strong> al trollear a <strong>Erick <em>Cubo<\/em> Torres<\/strong> durante el vuelo en el que el <em><strong>Tri<\/strong><\/em> viaj\u00f3 a Denver, Colorado.<\/p>\n<p>El jugador de las <strong>Chivas<\/strong> no pudo evitar grabar al <em><strong>Cubo<\/strong><\/em>\u00a0cuando dorm\u00eda en el avi\u00f3n y el cansancio lo hac\u00eda &#8216;cabecear&#8217;, mientras <strong>Pizarro<\/strong> narraba los &#8216;remates&#8217; del delantero tal y como si fuera un narrador\u00a0deportivo.<\/p>\n<p style=\"text-align: center;\"><a href=\"https:\/\/www.futboltotal.com.mx\/2017\/07\/porto-le-pone-precio-millonario-a-hector-herrera\/\" target=\"_blank\" rel=\"noopener noreferrer\"><span style=\"color: #333399;\">VER M\u00c1S: Porto le pone millonario precio a H\u00e9ctor Herrera<\/span><\/a><\/p>\n<p>El video fue subido por <strong>Pizarro<\/strong> a sus historias de Instagram y fue uno de los momentos curiosos del <em><strong>Tri<\/strong><\/em> previo a su pr\u00f3ximo partido en fase de grupos de la <strong>Copa Oro<\/strong>, en el que enfrentar\u00e1n a <strong>Jamaica<\/strong>.<\/p>\n<p style=\"text-align: center;\"><a href=\"https:\/\/www.futboltotal.com.mx\/2017\/07\/padre-giovani-jonathan-dos-santos-quiere-ver-a-sus-hijos-en-america\/\" target=\"_blank\" rel=\"noopener noreferrer\"><span style=\"color: #333399;\">VER M\u00c1S: Padre de Giovani y Jonathan quiere ver a sus hijos en el Am\u00e9rica<\/span><\/a><\/p>\n<p>&nbsp;<\/p>\n<blockquote class=\"twitter-video\" data-lang=\"es\">\n<p dir=\"ltr\" lang=\"es\">Rodolfo Pizarro trollea al &#8216;Cubo&#8217; en pleno vuelo <a href=\"https:\/\/t.co\/qGwPfwQ1jO\">pic.twitter.com\/qGwPfwQ1jO<\/a><\/p>\n<p>\u2014 Mundofutbol (@mundo_futgol) <a href=\"https:\/\/twitter.com\/mundo_futgol\/status\/884789462949089280\">11 de julio de 2017<\/a><\/p><\/blockquote>\n<p><script async src=\"\/\/platform.twitter.com\/widgets.js\" charset=\"utf-8\"><\/script><\/p>\n","protected":false},"excerpt":{"rendered":"<p>La Selecci\u00f3n Mexicana que disputa la Copa oro 2017 demostr\u00f3 su buen ambiente.<\/p>\n","protected":false},"author":20,"featured_media":487721,"comment_status":"closed","ping_status":"closed","sticky":false,"template":"","format":"standard","meta":[],"categories":[5419,2198,3847],"tags":[1934,4274,3549,4908,409],"_links":{"self":[{"href":"http:\/\/desarrollo.grupomedios.com\/futbol\/wp-json\/wp\/v2\/posts\/487720"}],"collection":[{"href":"http:\/\/desarrollo.grupomedios.com\/futbol\/wp-json\/wp\/v2\/posts"}],"about":[{"href":"http:\/\/desarrollo.grupomedios.com\/futbol\/wp-json\/wp\/v2\/types\/post"}],"author":[{"embeddable":true,"href":"http:\/\/desarrollo.grupomedios.com\/futbol\/wp-json\/wp\/v2\/users\/20"}],"replies":[{"embeddable":true,"href":"http:\/\/desarrollo.grupomedios.com\/futbol\/wp-json\/wp\/v2\/comments?post=487720"}],"version-history":[{"count":2,"href":"http:\/\/desarrollo.grupomedios.com\/futbol\/wp-json\/wp\/v2\/posts\/487720\/revisions"}],"predecessor-version":[{"id":487728,"href":"http:\/\/desarrollo.grupomedios.com\/futbol\/wp-json\/wp\/v2\/posts\/487720\/revisions\/487728"}],"wp:featuredmedia":[{"embeddable":true,"href":"http:\/\/desarrollo.grupomedios.com\/futbol\/wp-json\/wp\/v2\/media\/487721"}],"wp:attachment":[{"href":"http:\/\/desarrollo.grupomedios.com\/futbol\/wp-json\/wp\/v2\/media?parent=487720"}],"wp:term":[{"taxonomy":"category","embeddable":true,"href":"http:\/\/desarrollo.grupomedios.com\/futbol\/wp-json\/wp\/v2\/categories?post=487720"},{"taxonomy":"post_tag","embeddable":true,"href":"http:\/\/desarrollo.grupomedios.com\/futbol\/wp-json\/wp\/v2\/tags?post=487720"}],"curies":[{"name":"wp","href":"https:\/\/api.w.org\/{rel}","templated":true}]}}