{"id":487724,"date":"2017-07-11T10:35:56","date_gmt":"2017-07-11T15:35:56","guid":{"rendered":"https:\/\/www.futboltotal.com.mx\/?p=487724"},"modified":"2017-07-11T10:35:56","modified_gmt":"2017-07-11T15:35:56","slug":"padre-giovani-jonathan-dos-santos-quiere-ver-a-sus-hijos-en-america","status":"publish","type":"post","link":"http:\/\/desarrollo.grupomedios.com\/futbol\/futbol-mexicano\/padre-giovani-jonathan-dos-santos-quiere-ver-a-sus-hijos-en-america\/2017\/07","title":{"rendered":"Padre de Giovani y Jonathan dos Santos quiere ver a sus hijos en el Am\u00e9rica"},"content":{"rendered":"<p>El padre de <strong>Giovani<\/strong> y <strong>Jonathan dos Santos<\/strong>, <strong>Zizinho<\/strong>, estableci\u00f3 que le gustar\u00eda ver a alguno de sus hijos vestido con la camiseta azulcrema, pues \u00e9l jug\u00f3 para los de Coapa durante tres etapas; 1980 &#8211; 1982, 1983 &#8211; 1984 y en la 1990-1991.<\/p>\n<blockquote><p>&#8220;Mi sue\u00f1o es ver a alguno de mis hijos jugando en el<strong> Am\u00e9rica<\/strong>, eso es algo que siempre he dicho, y ojal\u00e1 que se pueda cumplir\u201d, expres\u00f3 desde\u00a0Los \u00c1ngeles, donde acompa\u00f1ar\u00e1 a <strong>Giovani<\/strong> en su reincorporaci\u00f3n a <strong>LA Galaxy,\u00a0<\/strong>de acuerdo con <em>Universo Deportivo.<\/em><\/p><\/blockquote>\n<p style=\"text-align: center;\"><span style=\"color: #333399;\"><a style=\"color: #333399;\" href=\"https:\/\/www.futboltotal.com.mx\/2017\/07\/porto-le-pone-precio-millonario-a-hector-herrera\/\" target=\"_blank\" rel=\"noopener noreferrer\">VER M\u00c1S: Porto le pone precio millonario a H\u00e9ctor Herrera<\/a><\/span><\/p>\n<p><span style=\"color: #333399;\"><a style=\"color: #333399;\" href=\"https:\/\/www.futboltotal.com.mx\/2017\/07\/llega-o-no-jonathan-dos-santos-america-santiago-banos\/\" target=\"_blank\" rel=\"noopener noreferrer\">Luego de los rumores que colocaban a <strong>Jonathan<\/strong> en la \u00f3rbita de las \u00c1guilas<\/a><\/span>, <strong>Zizinho<\/strong> estableci\u00f3 que no tiene nada concreto al respecto.<\/p>\n<blockquote><p>&#8220;No me he enterado de nada al respecto. Mira, ahora estoy con <strong>Giovani<\/strong> en Los \u00c1ngeles, si se diera lo de Jonathan, seguro que ya me hubiera hablado. Repito, ser\u00eda un sue\u00f1o, pero por lo que tengo entendido, su plan es estar en Europa algunos a\u00f1os m\u00e1s\u201d.<\/p><\/blockquote>\n<p style=\"text-align: center;\"><span style=\"color: #333399;\"><a style=\"color: #333399;\" href=\"https:\/\/www.futboltotal.com.mx\/2017\/07\/chelsea-pagaria-cifra-millonaria-aubameyang\/\" target=\"_blank\" rel=\"noopener noreferrer\">VER M\u00c1S: Chelsea quiere a Aubameyang por una millonada<\/a><\/span><\/p>\n<p>&nbsp;<\/p>\n","protected":false},"excerpt":{"rendered":"<p>Zizinho, que jugara en tres etapas con el cuadro azulcrema, espera que en alg\u00fan momento sus dos hijos se pongan la camiseta de las \u00c1guilas<\/p>\n","protected":false},"author":20,"featured_media":474184,"comment_status":"closed","ping_status":"closed","sticky":false,"template":"","format":"standard","meta":[],"categories":[2198,3845],"tags":[5959,5982,48,8526],"_links":{"self":[{"href":"http:\/\/desarrollo.grupomedios.com\/futbol\/wp-json\/wp\/v2\/posts\/487724"}],"collection":[{"href":"http:\/\/desarrollo.grupomedios.com\/futbol\/wp-json\/wp\/v2\/posts"}],"about":[{"href":"http:\/\/desarrollo.grupomedios.com\/futbol\/wp-json\/wp\/v2\/types\/post"}],"author":[{"embeddable":true,"href":"http:\/\/desarrollo.grupomedios.com\/futbol\/wp-json\/wp\/v2\/users\/20"}],"replies":[{"embeddable":true,"href":"http:\/\/desarrollo.grupomedios.com\/futbol\/wp-json\/wp\/v2\/comments?post=487724"}],"version-history":[{"count":1,"href":"http:\/\/desarrollo.grupomedios.com\/futbol\/wp-json\/wp\/v2\/posts\/487724\/revisions"}],"predecessor-version":[{"id":487726,"href":"http:\/\/desarrollo.grupomedios.com\/futbol\/wp-json\/wp\/v2\/posts\/487724\/revisions\/487726"}],"wp:featuredmedia":[{"embeddable":true,"href":"http:\/\/desarrollo.grupomedios.com\/futbol\/wp-json\/wp\/v2\/media\/474184"}],"wp:attachment":[{"href":"http:\/\/desarrollo.grupomedios.com\/futbol\/wp-json\/wp\/v2\/media?parent=487724"}],"wp:term":[{"taxonomy":"category","embeddable":true,"href":"http:\/\/desarrollo.grupomedios.com\/futbol\/wp-json\/wp\/v2\/categories?post=487724"},{"taxonomy":"post_tag","embeddable":true,"href":"http:\/\/desarrollo.grupomedios.com\/futbol\/wp-json\/wp\/v2\/tags?post=487724"}],"curies":[{"name":"wp","href":"https:\/\/api.w.org\/{rel}","templated":true}]}}