{"id":487730,"date":"2017-07-11T11:18:04","date_gmt":"2017-07-11T16:18:04","guid":{"rendered":"https:\/\/www.futboltotal.com.mx\/?p=487730"},"modified":"2017-07-11T11:18:04","modified_gmt":"2017-07-11T16:18:04","slug":"panameno-revelo-guardado-temia-familia-en-penal-copa-oro","status":"publish","type":"post","link":"http:\/\/desarrollo.grupomedios.com\/futbol\/futbol-mexicano\/panameno-revelo-guardado-temia-familia-en-penal-copa-oro\/2017\/07","title":{"rendered":"Paname\u00f1o revel\u00f3 que Guardado tem\u00eda por su familia en pol\u00e9mica de Copa Oro"},"content":{"rendered":"<p>Con el reci\u00e9n inicio de la <strong>Copa Oro 2017<\/strong>, un jugador de<strong> Panam\u00e1<\/strong> record\u00f3 el pol\u00e9mico suceso que vivi\u00f3 su selecci\u00f3n en la edici\u00f3n de 2015 cuando fueron eliminados por <strong>M\u00e9xico<\/strong> con un penal que no era.<\/p>\n<p>En aquel partido, el \u00e1rbitro estadounidense Mark Grieger, marc\u00f3 un penal al minuto 88 que quedar\u00e1 en la historia del campeonato de naciones de Concacaf.<\/p>\n<p>El encargado de cobrar el penal fue el mexicano <strong>Andr\u00e9s Guardado<\/strong> y con ese tanto el TRI empat\u00f3 para despu\u00e9s derrotar a los paname\u00f1os en tiempo extra.<\/p>\n<p style=\"text-align: center;\"><span style=\"color: #3366ff;\"><a style=\"color: #3366ff;\" href=\"https:\/\/www.futboltotal.com.mx\/2017\/07\/porto-le-pone-precio-millonario-a-hector-herrera\/\">VER M\u00c1S: Porto le pone precio millonario a H\u00e9ctor Herrera<\/a><\/span><\/p>\n<p>An\u00edbal Godoy, jugador del equipo canalero, confes\u00f3 en entrevista con el canal Cable Onda Sports lo que le dijo el <em>Principito<\/em> antes de cobrar.<\/p>\n<p>&#8220;S\u00ed yo fall\u00f3 el penal, matan a mi familia en M\u00e9xico&#8221;, dijo <strong>Guardado<\/strong> al paname\u00f1o.<\/p>\n<p>El seleccionado paname\u00f1o habl\u00f3 sobre lo que sufri\u00f3 su selecci\u00f3n en aquel partido y en c\u00f3mo quedaron expuestos.<\/p>\n<p><iframe loading=\"lazy\" src=\"https:\/\/www.youtube.com\/embed\/LILl2lqOqDo?feature=oembed\" frameborder=\"0\" allowfullscreen><\/iframe><\/p>\n<p>Aqu\u00ed el pol\u00e9mico penal con el que M\u00e9xico pudo empatar a Panam\u00e1 para despu\u00e9s pasar a semifinales.<\/p>\n<p><iframe loading=\"lazy\" src=\"https:\/\/www.youtube.com\/embed\/oHt-g3AxjoE?feature=oembed\" frameborder=\"0\" allowfullscreen><\/iframe><\/p>\n","protected":false},"excerpt":{"rendered":"<p>El paname\u00f1o habl\u00f3 sobre el pol\u00e9mico penal que cobr\u00f3 el mexicano.<\/p>\n","protected":false},"author":20,"featured_media":487734,"comment_status":"closed","ping_status":"closed","sticky":false,"template":"","format":"standard","meta":[],"categories":[2198],"tags":[6046,1934,65,625],"_links":{"self":[{"href":"http:\/\/desarrollo.grupomedios.com\/futbol\/wp-json\/wp\/v2\/posts\/487730"}],"collection":[{"href":"http:\/\/desarrollo.grupomedios.com\/futbol\/wp-json\/wp\/v2\/posts"}],"about":[{"href":"http:\/\/desarrollo.grupomedios.com\/futbol\/wp-json\/wp\/v2\/types\/post"}],"author":[{"embeddable":true,"href":"http:\/\/desarrollo.grupomedios.com\/futbol\/wp-json\/wp\/v2\/users\/20"}],"replies":[{"embeddable":true,"href":"http:\/\/desarrollo.grupomedios.com\/futbol\/wp-json\/wp\/v2\/comments?post=487730"}],"version-history":[{"count":1,"href":"http:\/\/desarrollo.grupomedios.com\/futbol\/wp-json\/wp\/v2\/posts\/487730\/revisions"}],"predecessor-version":[{"id":487736,"href":"http:\/\/desarrollo.grupomedios.com\/futbol\/wp-json\/wp\/v2\/posts\/487730\/revisions\/487736"}],"wp:featuredmedia":[{"embeddable":true,"href":"http:\/\/desarrollo.grupomedios.com\/futbol\/wp-json\/wp\/v2\/media\/487734"}],"wp:attachment":[{"href":"http:\/\/desarrollo.grupomedios.com\/futbol\/wp-json\/wp\/v2\/media?parent=487730"}],"wp:term":[{"taxonomy":"category","embeddable":true,"href":"http:\/\/desarrollo.grupomedios.com\/futbol\/wp-json\/wp\/v2\/categories?post=487730"},{"taxonomy":"post_tag","embeddable":true,"href":"http:\/\/desarrollo.grupomedios.com\/futbol\/wp-json\/wp\/v2\/tags?post=487730"}],"curies":[{"name":"wp","href":"https:\/\/api.w.org\/{rel}","templated":true}]}}