{"id":487731,"date":"2017-07-11T11:10:07","date_gmt":"2017-07-11T16:10:07","guid":{"rendered":"https:\/\/www.futboltotal.com.mx\/?p=487731"},"modified":"2017-07-11T11:10:07","modified_gmt":"2017-07-11T16:10:07","slug":"cruz-azul-real-madrid-barcelona","status":"publish","type":"post","link":"http:\/\/desarrollo.grupomedios.com\/futbol\/futbol-mexicano\/cruz-azul-real-madrid-barcelona\/2017\/07","title":{"rendered":"&#8220;Cruz Azul es como el Real Madrid o el Barcelona&#8221;"},"content":{"rendered":"<p>Durante la presentaci\u00f3n de los refuerzos de <strong>Cruz Azul<\/strong>, <strong>\u00c9dgar M\u00e9ndez<\/strong>, nuevo mediocampista de la M\u00e1quina contin\u00faa gan\u00e1ndose a la afici\u00f3n cementera.<\/p>\n<p>Cuando la prensa pidi\u00f3 a <strong>M\u00e9ndez<\/strong> comparar a <strong>Cruz Azul<\/strong> con un equipo de su pa\u00eds, Espa\u00f1a, el futbolista contest\u00f3:<\/p>\n<p style=\"text-align: center;\"><span style=\"color: #333399;\"><a style=\"color: #333399;\" href=\"https:\/\/www.futboltotal.com.mx\/2017\/07\/las-figuras-nunca-brillaron-en-real-madrid\/\" target=\"_blank\" rel=\"noopener noreferrer\">VER M\u00c1S: Las figuras que nunca brillaron en el Real Madrid<\/a><\/span><\/p>\n<blockquote><p>&#8220;Es dif\u00edcil comparar\u00a0con la liga espa\u00f1ola, pero como a mi me reflejaron esta instituci\u00f3n, por ejemplo,\u00a0creo es como el <strong>Madrid<\/strong> o el <strong>Barcelona<\/strong>. Igual que ellos, el <strong>Cruz Azul<\/strong> est\u00e1 en una racha en que no gana t\u00edtulos, pero siempre siguen ah\u00ed peleando t\u00edtulos, como el <strong>Madrid<\/strong> o el <strong>Barcelona<\/strong>.\u00a0Siempre est\u00e1 peleando con otros equipos de la liga y s\u00f3lo hace falta que despierten para seguir con la din\u00e1mica de las buenas rachas y conseguir t\u00edtulos&#8221;.<\/p><\/blockquote>\n<p>El futbolista espa\u00f1ol indic\u00f3 que se decant\u00f3 por la <strong>Liga MX<\/strong> porque ha ido creciendo, adem\u00e1s que tendr\u00e1 la posibilidad de pelear por el t\u00edtulo.<\/p>\n<blockquote><p>&#8220;Ten\u00eda ofertas del Alav\u00e9s y de otros equipos en Espa\u00f1a, pero quer\u00eda cambiar de aires. All\u00e1 era imposible pelear por un t\u00edtulo\u00a0y eso me hizo venir.\u00a0Es una liga (la mexicana) que est\u00e1 en crecimiento.\u00a0Es una oportunidad para demostrar que es v\u00e1lido triunfar en otra liga&#8221;, estableci\u00f3 el refuerzo cementero.<\/p><\/blockquote>\n<p style=\"text-align: center;\"><span style=\"color: #333399;\"><a style=\"color: #333399;\" href=\"https:\/\/www.futboltotal.com.mx\/2017\/07\/en-mexico-ya-quiero-regresar-a-dirigir-javier-aguirre\/\" target=\"_blank\" rel=\"noopener noreferrer\">VER M\u00c1S: En M\u00e9xico ya no quiero regresar a dirigir: Javier Aguirre<\/a><\/span><\/p>\n","protected":false},"excerpt":{"rendered":"<p>El refuerzo cementero se mostr\u00f3 optimista por su llegada a la Liga MX, tanto as\u00ed, que compar\u00f3 a la M\u00e1quina con dos grandes del futbol espa\u00f1ol<\/p>\n","protected":false},"author":20,"featured_media":487443,"comment_status":"closed","ping_status":"closed","sticky":false,"template":"","format":"standard","meta":[],"categories":[2198,3845],"tags":[5984,5962,9064,5988],"_links":{"self":[{"href":"http:\/\/desarrollo.grupomedios.com\/futbol\/wp-json\/wp\/v2\/posts\/487731"}],"collection":[{"href":"http:\/\/desarrollo.grupomedios.com\/futbol\/wp-json\/wp\/v2\/posts"}],"about":[{"href":"http:\/\/desarrollo.grupomedios.com\/futbol\/wp-json\/wp\/v2\/types\/post"}],"author":[{"embeddable":true,"href":"http:\/\/desarrollo.grupomedios.com\/futbol\/wp-json\/wp\/v2\/users\/20"}],"replies":[{"embeddable":true,"href":"http:\/\/desarrollo.grupomedios.com\/futbol\/wp-json\/wp\/v2\/comments?post=487731"}],"version-history":[{"count":1,"href":"http:\/\/desarrollo.grupomedios.com\/futbol\/wp-json\/wp\/v2\/posts\/487731\/revisions"}],"predecessor-version":[{"id":487732,"href":"http:\/\/desarrollo.grupomedios.com\/futbol\/wp-json\/wp\/v2\/posts\/487731\/revisions\/487732"}],"wp:featuredmedia":[{"embeddable":true,"href":"http:\/\/desarrollo.grupomedios.com\/futbol\/wp-json\/wp\/v2\/media\/487443"}],"wp:attachment":[{"href":"http:\/\/desarrollo.grupomedios.com\/futbol\/wp-json\/wp\/v2\/media?parent=487731"}],"wp:term":[{"taxonomy":"category","embeddable":true,"href":"http:\/\/desarrollo.grupomedios.com\/futbol\/wp-json\/wp\/v2\/categories?post=487731"},{"taxonomy":"post_tag","embeddable":true,"href":"http:\/\/desarrollo.grupomedios.com\/futbol\/wp-json\/wp\/v2\/tags?post=487731"}],"curies":[{"name":"wp","href":"https:\/\/api.w.org\/{rel}","templated":true}]}}