{"id":487740,"date":"2017-07-11T11:44:03","date_gmt":"2017-07-11T16:44:03","guid":{"rendered":"https:\/\/www.futboltotal.com.mx\/?p=487740"},"modified":"2017-07-11T11:44:03","modified_gmt":"2017-07-11T16:44:03","slug":"porto-confirma-jugaran-en-mexico","status":"publish","type":"post","link":"http:\/\/desarrollo.grupomedios.com\/futbol\/futbol-mexicano\/porto-confirma-jugaran-en-mexico\/2017\/07","title":{"rendered":"Porto confirma que ellos s\u00ed jugar\u00e1n en M\u00e9xico"},"content":{"rendered":"<p>A minutos de que la <span style=\"color: #3366ff;\"><a style=\"color: #3366ff;\" href=\"https:\/\/www.futboltotal.com.mx\/2017\/07\/juventus-cancela-partidos-en-mexico-frente-a-monterrey-tigres\/\" target=\"_blank\" rel=\"noopener noreferrer\">Juventus cancelara su viaje a M\u00e9xico<\/a><\/span> para disputar los partidos amistosos ante Monterrey y Tigres, el <strong>Porto<\/strong> ha confirmado que ellos s\u00ed participar\u00e1n en la Super Copa Tecate.<\/p>\n<p>Con un video difundido a trav\u00e9s de sus redes sociales, <strong>Jes\u00fas Manuel Tecatito Corona<\/strong> anunci\u00f3 que el club portugu\u00e9s estar\u00e1 viajando a su tierra natal para enfrentar a Cruz Azul y Chivas.<\/p>\n<p style=\"text-align: center;\"><span style=\"color: #3366ff;\"><a style=\"color: #3366ff;\" href=\"https:\/\/www.futboltotal.com.mx\/2017\/07\/porto-le-pone-precio-millonario-a-hector-herrera\/\">VER M\u00c1S: Porto le pone precio millonario a H\u00e9ctor Herrera<\/a><\/span><\/p>\n<p>https:\/\/twitter.com\/FCPorto\/status\/884781577527590912<\/p>\n<p>Cabe recordar que la <em>Juve<\/em> cancel\u00f3 sus partidos en Monterrey &#8220;debido a la reprogramaci\u00f3n de la primera parte de la preparaci\u00f3n del equipo&#8221;, como tambi\u00e9n lo inform\u00f3 la marca <strong>Tecate<\/strong> a trav\u00e9s de un comunicado.<\/p>\n<p>Asimismo, la cervecera confirm\u00f3 la participaci\u00f3n del Porto.<\/p>\n<p>Los juegos de <strong>Porto<\/strong> FC vs. Chivas y <strong>Porto<\/strong> FC vs. Cruz Azul se llevar\u00e1n a cabo de acuerdo a la programaci\u00f3n anunciada.<\/p>\n<p><a href=\"https:\/\/www.futboltotal.com.mx\/wp-content\/uploads\/2017\/07\/Screen-Shot-2017-07-11-at-11.40.22-AM.png\"><img decoding=\"async\" loading=\"lazy\" class=\"size-full wp-image-487741 aligncenter\" src=\"https:\/\/www.futboltotal.com.mx\/wp-content\/uploads\/2017\/07\/Screen-Shot-2017-07-11-at-11.40.22-AM.png\" alt=\"Porto confirma que ellos s\u00ed jugar\u00e1n en M\u00e9xico 0\" srcset=\"http:\/\/desarrollo.grupomedios.com\/futbol\/wp-content\/uploads\/2017\/07\/Screen-Shot-2017-07-11-at-11.40.22-AM.png 695w, http:\/\/desarrollo.grupomedios.com\/futbol\/wp-content\/uploads\/2017\/07\/Screen-Shot-2017-07-11-at-11.40.22-AM-300x52.png 300w\" sizes=\"(max-width: 695px) 100vw, 695px\" \/><\/a><\/p>\n","protected":false},"excerpt":{"rendered":"<p>A trav\u00e9s de un comunicado y de sus redes sociales confirmaron su participaci\u00f3n.<\/p>\n","protected":false},"author":20,"featured_media":469078,"comment_status":"closed","ping_status":"closed","sticky":false,"template":"","format":"standard","meta":[],"categories":[3839,2198,3845],"tags":[70,5962,1208,9334],"_links":{"self":[{"href":"http:\/\/desarrollo.grupomedios.com\/futbol\/wp-json\/wp\/v2\/posts\/487740"}],"collection":[{"href":"http:\/\/desarrollo.grupomedios.com\/futbol\/wp-json\/wp\/v2\/posts"}],"about":[{"href":"http:\/\/desarrollo.grupomedios.com\/futbol\/wp-json\/wp\/v2\/types\/post"}],"author":[{"embeddable":true,"href":"http:\/\/desarrollo.grupomedios.com\/futbol\/wp-json\/wp\/v2\/users\/20"}],"replies":[{"embeddable":true,"href":"http:\/\/desarrollo.grupomedios.com\/futbol\/wp-json\/wp\/v2\/comments?post=487740"}],"version-history":[{"count":1,"href":"http:\/\/desarrollo.grupomedios.com\/futbol\/wp-json\/wp\/v2\/posts\/487740\/revisions"}],"predecessor-version":[{"id":487742,"href":"http:\/\/desarrollo.grupomedios.com\/futbol\/wp-json\/wp\/v2\/posts\/487740\/revisions\/487742"}],"wp:featuredmedia":[{"embeddable":true,"href":"http:\/\/desarrollo.grupomedios.com\/futbol\/wp-json\/wp\/v2\/media\/469078"}],"wp:attachment":[{"href":"http:\/\/desarrollo.grupomedios.com\/futbol\/wp-json\/wp\/v2\/media?parent=487740"}],"wp:term":[{"taxonomy":"category","embeddable":true,"href":"http:\/\/desarrollo.grupomedios.com\/futbol\/wp-json\/wp\/v2\/categories?post=487740"},{"taxonomy":"post_tag","embeddable":true,"href":"http:\/\/desarrollo.grupomedios.com\/futbol\/wp-json\/wp\/v2\/tags?post=487740"}],"curies":[{"name":"wp","href":"https:\/\/api.w.org\/{rel}","templated":true}]}}