{"id":487750,"date":"2017-08-01T12:03:07","date_gmt":"2017-08-01T17:03:07","guid":{"rendered":"https:\/\/www.futboltotal.com.mx\/?p=487750"},"modified":"2017-08-01T12:03:07","modified_gmt":"2017-08-01T17:03:07","slug":"charla-charly-julio-furch-emperador-del-gol-santos","status":"publish","type":"post","link":"http:\/\/desarrollo.grupomedios.com\/futbol\/videos\/charla-charly-julio-furch-emperador-del-gol-santos\/2017\/08","title":{"rendered":"Charla con Charly | Julio Furch, el &#8216;Emperador del Gol&#8217; en Santos"},"content":{"rendered":"<p>Ya con dos a\u00f1os en el futbol mexicano, el delantero argentino <strong>Julio Furch<\/strong> se ha ido ganando un lugar en la Liga MX, y en exclusiva\u00a0para\u00a0<strong>Charly F\u00fatbol<\/strong> y <strong>Futbol Total<\/strong>\u00a0el goleador de <strong>Santos Laguna<\/strong> habl\u00f3 acerca de algunos aspectos no tan conocidos de su vida y trayectoria.<\/p>\n<p>En esta\u00a0<strong>Charla con Charly<\/strong> te traemos detalles del futbolista surgido en <strong>Olimpo de Bah\u00eda Blanca<\/strong> en 2010, y que apenas cinco a\u00f1os m\u00e1s tarde arribar\u00eda al futbol mexicano con el <strong>Veracruz<\/strong>.<\/p>\n<p>[video_player]https:\/\/player.vimeo.com\/external\/226974423.hd.mp4?s=983e148e232aa832fb4bb9bd0dd24dcb05f69604&amp;profile_id=174[\/video_player]<\/p>\n<p>La marca\u00a0<strong>Charly Futbol<\/strong>\u00a0se gan\u00f3 la confianza del espigado atacante, uni\u00e9ndose a la lista de figuras que calzan sus zapatos, de lo que tambi\u00e9n nos platica el goleador.<\/p>\n<p>[video_player]https:\/\/player.vimeo.com\/external\/226917591.hd.mp4?s=cf8119269ab239dfe54591f6ff52ed6e810d9df4&amp;profile_id=174[\/video_player]<\/p>\n","protected":false},"excerpt":{"rendered":"<p>El goleador argentino del Santos platic\u00f3 sobre su lado m\u00e1s personal en exclusiva.<\/p>\n","protected":false},"author":20,"featured_media":487752,"comment_status":"closed","ping_status":"closed","sticky":false,"template":"","format":"standard","meta":[],"categories":[7570,2198,3845,4],"tags":[8593,8119,6498,64,5972,174],"_links":{"self":[{"href":"http:\/\/desarrollo.grupomedios.com\/futbol\/wp-json\/wp\/v2\/posts\/487750"}],"collection":[{"href":"http:\/\/desarrollo.grupomedios.com\/futbol\/wp-json\/wp\/v2\/posts"}],"about":[{"href":"http:\/\/desarrollo.grupomedios.com\/futbol\/wp-json\/wp\/v2\/types\/post"}],"author":[{"embeddable":true,"href":"http:\/\/desarrollo.grupomedios.com\/futbol\/wp-json\/wp\/v2\/users\/20"}],"replies":[{"embeddable":true,"href":"http:\/\/desarrollo.grupomedios.com\/futbol\/wp-json\/wp\/v2\/comments?post=487750"}],"version-history":[{"count":3,"href":"http:\/\/desarrollo.grupomedios.com\/futbol\/wp-json\/wp\/v2\/posts\/487750\/revisions"}],"predecessor-version":[{"id":490461,"href":"http:\/\/desarrollo.grupomedios.com\/futbol\/wp-json\/wp\/v2\/posts\/487750\/revisions\/490461"}],"wp:featuredmedia":[{"embeddable":true,"href":"http:\/\/desarrollo.grupomedios.com\/futbol\/wp-json\/wp\/v2\/media\/487752"}],"wp:attachment":[{"href":"http:\/\/desarrollo.grupomedios.com\/futbol\/wp-json\/wp\/v2\/media?parent=487750"}],"wp:term":[{"taxonomy":"category","embeddable":true,"href":"http:\/\/desarrollo.grupomedios.com\/futbol\/wp-json\/wp\/v2\/categories?post=487750"},{"taxonomy":"post_tag","embeddable":true,"href":"http:\/\/desarrollo.grupomedios.com\/futbol\/wp-json\/wp\/v2\/tags?post=487750"}],"curies":[{"name":"wp","href":"https:\/\/api.w.org\/{rel}","templated":true}]}}