{"id":487760,"date":"2017-07-11T13:33:59","date_gmt":"2017-07-11T18:33:59","guid":{"rendered":"https:\/\/www.futboltotal.com.mx\/?p=487760"},"modified":"2017-07-11T13:33:59","modified_gmt":"2017-07-11T18:33:59","slug":"leon-trolleo-a-tigres-y-rayados-presumiendo-su-duelo-ante-la-juve","status":"publish","type":"post","link":"http:\/\/desarrollo.grupomedios.com\/futbol\/futbol-mexicano\/leon-trolleo-a-tigres-y-rayados-presumiendo-su-duelo-ante-la-juve\/2017\/07","title":{"rendered":"Le\u00f3n trolle\u00f3 a Tigres y Rayados presumiendo su duelo ante la Juve"},"content":{"rendered":"<p>luego de que la <span style=\"color: #3366ff;\"><a style=\"color: #3366ff;\" href=\"https:\/\/www.futboltotal.com.mx\/2017\/07\/juventus-cancela-partidos-en-mexico-frente-a-monterrey-tigres\/\" target=\"_blank\" rel=\"noopener noreferrer\">Juventus cancelara su viaje a M\u00e9xico<\/a><\/span> para enfrentar a Tigres y Rayados dentro de la Super Copa Tecate, el <strong>Le\u00f3n<\/strong> aprovech\u00f3 para trollear a los clubes mexicanos<\/p>\n<p>A trav\u00e9s de su cuenta de Twitter, <em>La Fiera<\/em> record\u00f3 el partido en el que enfrent\u00f3 a la Juven en 1991, en el estadio Camp Nou.<\/p>\n<p>&#8220;\u00bfQue @juventusfc no vendr\u00e1 a jugar a M\u00e9xico? Pues&#8230; con nosotros s\u00ed vino \u00a1Qu\u00e9 gran recuerdo! #SerFieraEsUnOrgullo &#8221; , public\u00f3 su cuenta.<\/p>\n<p style=\"text-align: center;\"><span style=\"color: #3366ff;\"><a style=\"color: #3366ff;\" href=\"https:\/\/www.futboltotal.com.mx\/2017\/07\/puma-buscara-vestir-a-la-seleccion-mexicana\/\">VER M\u00c1S: Puma buscar\u00e1 vestir a la Selecci\u00f3n Mexicana<\/a><\/span><\/p>\n<p>https:\/\/twitter.com\/clubleonfc\/status\/884835364157890560<\/p>\n<p>Aquel partido entre Le\u00f3n y Juventus se disput\u00f3 en la cancha de los Panzas Verdes y los mexicanos salieron con el triunfo, aunque el equipo italiano ven\u00eda con un equipo suplente.<\/p>\n","protected":false},"excerpt":{"rendered":"<p>Los Esmeraldas se aprovecharon de la cancelaci\u00f3n de la Juventus.<\/p>\n","protected":false},"author":20,"featured_media":420152,"comment_status":"closed","ping_status":"closed","sticky":false,"template":"","format":"standard","meta":[],"categories":[5419,2198,3845],"tags":[5965,64],"_links":{"self":[{"href":"http:\/\/desarrollo.grupomedios.com\/futbol\/wp-json\/wp\/v2\/posts\/487760"}],"collection":[{"href":"http:\/\/desarrollo.grupomedios.com\/futbol\/wp-json\/wp\/v2\/posts"}],"about":[{"href":"http:\/\/desarrollo.grupomedios.com\/futbol\/wp-json\/wp\/v2\/types\/post"}],"author":[{"embeddable":true,"href":"http:\/\/desarrollo.grupomedios.com\/futbol\/wp-json\/wp\/v2\/users\/20"}],"replies":[{"embeddable":true,"href":"http:\/\/desarrollo.grupomedios.com\/futbol\/wp-json\/wp\/v2\/comments?post=487760"}],"version-history":[{"count":1,"href":"http:\/\/desarrollo.grupomedios.com\/futbol\/wp-json\/wp\/v2\/posts\/487760\/revisions"}],"predecessor-version":[{"id":487762,"href":"http:\/\/desarrollo.grupomedios.com\/futbol\/wp-json\/wp\/v2\/posts\/487760\/revisions\/487762"}],"wp:featuredmedia":[{"embeddable":true,"href":"http:\/\/desarrollo.grupomedios.com\/futbol\/wp-json\/wp\/v2\/media\/420152"}],"wp:attachment":[{"href":"http:\/\/desarrollo.grupomedios.com\/futbol\/wp-json\/wp\/v2\/media?parent=487760"}],"wp:term":[{"taxonomy":"category","embeddable":true,"href":"http:\/\/desarrollo.grupomedios.com\/futbol\/wp-json\/wp\/v2\/categories?post=487760"},{"taxonomy":"post_tag","embeddable":true,"href":"http:\/\/desarrollo.grupomedios.com\/futbol\/wp-json\/wp\/v2\/tags?post=487760"}],"curies":[{"name":"wp","href":"https:\/\/api.w.org\/{rel}","templated":true}]}}