{"id":487763,"date":"2017-07-11T13:44:58","date_gmt":"2017-07-11T18:44:58","guid":{"rendered":"https:\/\/www.futboltotal.com.mx\/?p=487763"},"modified":"2017-07-11T13:44:58","modified_gmt":"2017-07-11T18:44:58","slug":"futbolista-mexicano-renovo-la-real-sociedad","status":"publish","type":"post","link":"http:\/\/desarrollo.grupomedios.com\/futbol\/futbol-mexicano\/futbolista-mexicano-renovo-la-real-sociedad\/2017\/07","title":{"rendered":"Futbolista mexicano renov\u00f3 con la Real Sociedad"},"content":{"rendered":"<p>El arquero mexicano, <strong>Pablo Sisniega<\/strong>, renov\u00f3 con la <strong>Real Sociedad<\/strong> de San Sebasti\u00e1n por las pr\u00f3ximas dos temporadas.<\/p>\n<p><strong>Sisniega<\/strong> es parte de la <strong>Real Sociedad B<\/strong> y con 22 a\u00f1os, se perfila como el futuro guardameta del conjunto\u00a0Txuri-urdin.<\/p>\n<p style=\"text-align: center;\"><span style=\"color: #333399;\"><a style=\"color: #333399;\" href=\"https:\/\/www.futboltotal.com.mx\/2017\/07\/cruz-azul-sigue-buscando-equipo-joao-rojas\/v\" target=\"_blank\" rel=\"noopener noreferrer\">VER M\u00c1S: Cruz Azul no encuentra equipo para este extranjero<\/a><\/span><\/p>\n<p>El joven guardameta es producto de las fuerzas b\u00e1sicas de las\u00a0<strong>Chivas<\/strong>, sin embargo, emigr\u00f3 a Europa en busca de un puesto con la <strong>Real Sociedad<\/strong>.<\/p>\n<p><strong>Pablo Sisniega<\/strong> es el otro mexicano que se encuentra con los de San Sebasti\u00e1n, adem\u00e1s de <strong>Carlos Vela<\/strong>.<\/p>\n<blockquote class=\"twitter-tweet\" data-lang=\"es\">\n<p dir=\"ltr\" lang=\"es\">COMUNICADO OFICIAL &#8211; Pablo Sisniega renueva por dos temporadas <a href=\"https:\/\/twitter.com\/hashtag\/Zubieta?src=hash\">#Zubieta<\/a> <a href=\"https:\/\/twitter.com\/hashtag\/RealSociedad?src=hash\">#RealSociedad<\/a> \u2b07\ufe0f\u00a0<a href=\"https:\/\/t.co\/6H4GOrw1r1\">https:\/\/t.co\/6H4GOrw1r1<\/a><\/p>\n<p>\u2014 Real Sociedad F\u00fatbol (@RealSociedad) <a href=\"https:\/\/twitter.com\/RealSociedad\/status\/884679424892862465\">11 de julio de 2017<\/a><\/p><\/blockquote>\n<p><script async src=\"\/\/platform.twitter.com\/widgets.js\" charset=\"utf-8\"><\/script><\/p>\n<p style=\"text-align: center;\"><span style=\"color: #333399;\"><a style=\"color: #333399;\" href=\"https:\/\/www.futboltotal.com.mx\/2017\/07\/las-figuras-nunca-brillaron-en-real-madrid\/\" target=\"_blank\" rel=\"noopener noreferrer\">VER M\u00c1S: Las figuras que nunca brillaron con el Real Madrid<\/a><\/span><\/p>\n","protected":false},"excerpt":{"rendered":"<p>El jugador azteca prolong\u00f3 su estad\u00eda con los de San Sebasti\u00e1n por dos a\u00f1os m\u00e1s, con lo que buscar\u00e1 un lugar en La Liga<\/p>\n","protected":false},"author":20,"featured_media":463679,"comment_status":"closed","ping_status":"closed","sticky":false,"template":"","format":"standard","meta":[],"categories":[3839,2198],"tags":[6048,76,9336,102],"_links":{"self":[{"href":"http:\/\/desarrollo.grupomedios.com\/futbol\/wp-json\/wp\/v2\/posts\/487763"}],"collection":[{"href":"http:\/\/desarrollo.grupomedios.com\/futbol\/wp-json\/wp\/v2\/posts"}],"about":[{"href":"http:\/\/desarrollo.grupomedios.com\/futbol\/wp-json\/wp\/v2\/types\/post"}],"author":[{"embeddable":true,"href":"http:\/\/desarrollo.grupomedios.com\/futbol\/wp-json\/wp\/v2\/users\/20"}],"replies":[{"embeddable":true,"href":"http:\/\/desarrollo.grupomedios.com\/futbol\/wp-json\/wp\/v2\/comments?post=487763"}],"version-history":[{"count":1,"href":"http:\/\/desarrollo.grupomedios.com\/futbol\/wp-json\/wp\/v2\/posts\/487763\/revisions"}],"predecessor-version":[{"id":487765,"href":"http:\/\/desarrollo.grupomedios.com\/futbol\/wp-json\/wp\/v2\/posts\/487763\/revisions\/487765"}],"wp:featuredmedia":[{"embeddable":true,"href":"http:\/\/desarrollo.grupomedios.com\/futbol\/wp-json\/wp\/v2\/media\/463679"}],"wp:attachment":[{"href":"http:\/\/desarrollo.grupomedios.com\/futbol\/wp-json\/wp\/v2\/media?parent=487763"}],"wp:term":[{"taxonomy":"category","embeddable":true,"href":"http:\/\/desarrollo.grupomedios.com\/futbol\/wp-json\/wp\/v2\/categories?post=487763"},{"taxonomy":"post_tag","embeddable":true,"href":"http:\/\/desarrollo.grupomedios.com\/futbol\/wp-json\/wp\/v2\/tags?post=487763"}],"curies":[{"name":"wp","href":"https:\/\/api.w.org\/{rel}","templated":true}]}}