{"id":487767,"date":"2017-07-11T14:21:47","date_gmt":"2017-07-11T19:21:47","guid":{"rendered":"https:\/\/www.futboltotal.com.mx\/?p=487767"},"modified":"2017-07-11T14:21:47","modified_gmt":"2017-07-11T19:21:47","slug":"leo-beenhakker-elogia-a-guillermo-ochoa-en-belgica","status":"publish","type":"post","link":"http:\/\/desarrollo.grupomedios.com\/futbol\/futbol-mexicano\/leo-beenhakker-elogia-a-guillermo-ochoa-en-belgica\/2017\/07","title":{"rendered":"Leo Beenhakker elogia a Guillermo Ochoa en B\u00e9lgica"},"content":{"rendered":"<p>Luego que <strong>Guillermo Ochoa<\/strong> anunciara que su siguiente club ser\u00e1 el\u00a0<strong>Standard de Lieja\u00a0<\/strong>de <strong>B\u00e9lgica<\/strong>, su ex estratega en el Am\u00e9rica,\u00a0<strong>Leo Beenhakker<\/strong>, se dio tiempo para elogiar al guardameta ante medios belgas.<\/p>\n<p><strong>Beenhakker<\/strong> record\u00f3 su debut en el Estadio Azteca, adem\u00e1s de mostrarse orgulloso por la carrera que ha formado.<\/p>\n<p style=\"text-align: center;\"><span style=\"color: #333399;\"><a style=\"color: #333399;\" href=\"https:\/\/www.futboltotal.com.mx\/2017\/07\/juventus-cancela-partidos-en-mexico-frente-a-monterrey-tigres\/\" target=\"_blank\" rel=\"noopener noreferrer\">VER M\u00c1S: Juventus deja plantados a Monterrey y Tigres<\/a><\/span><\/p>\n<blockquote><p>&#8220;Ten\u00eda dieciocho a\u00f1os&#8230; Su debut fue impresionante en un Estadio Azteca lleno, donde 120.000 fans lo estaban viendo. Hizo lo que ten\u00eda que hacer, estoy orgulloso de <strong>Ochoa<\/strong>, por la carrera que ha formado&#8221;, declar\u00f3 para el diario <em>HLN<\/em> de <strong>B\u00e9lgica<\/strong>.<\/p><\/blockquote>\n<p>De igual forma revel\u00f3 parte de las palabras que comparti\u00f3 con el guardameta\u00a0cuando, por necesidad, tuvo que debutarlo.<\/p>\n<p>&#8220;Estoy seguro de que no olvida cuando le habl\u00e9 de su debut &#8230; <strong>Guillermo<\/strong> era el tercer portero y tuve problemas con los dos primeros por lesi\u00f3n; <strong>Ochoa<\/strong> entren\u00f3 a lo largo de toda la semana y despu\u00e9s de la \u00faltima pr\u00e1ctica le dije que era su turno. \u00bfSu respuesta? &#8216;Est\u00e1 bien, entrenador. Hasta ma\u00f1ana'&#8221;, estableci\u00f3 <strong>Beenhaker<\/strong>.<\/p>\n<p style=\"text-align: center;\"><span style=\"color: #333399;\"><a style=\"color: #333399;\" href=\"https:\/\/www.futboltotal.com.mx\/2017\/07\/puma-buscara-vestir-a-la-seleccion-mexicana\/\" target=\"_blank\" rel=\"noopener noreferrer\">VER M\u00c1S: Puma buscar\u00e1 vestir a la Selecci\u00f3n Mexicana<\/a><\/span><\/p>\n","protected":false},"excerpt":{"rendered":"<p>El ex entrenador del Am\u00e9rica record\u00f3 cuando debut\u00f3 al guardameta mexicano, siendo este su tercer portero dentro de ese plantel<\/p>\n","protected":false},"author":20,"featured_media":479795,"comment_status":"closed","ping_status":"closed","sticky":false,"template":"","format":"standard","meta":[],"categories":[3839,2198],"tags":[5959,599,5991,1522,2252],"_links":{"self":[{"href":"http:\/\/desarrollo.grupomedios.com\/futbol\/wp-json\/wp\/v2\/posts\/487767"}],"collection":[{"href":"http:\/\/desarrollo.grupomedios.com\/futbol\/wp-json\/wp\/v2\/posts"}],"about":[{"href":"http:\/\/desarrollo.grupomedios.com\/futbol\/wp-json\/wp\/v2\/types\/post"}],"author":[{"embeddable":true,"href":"http:\/\/desarrollo.grupomedios.com\/futbol\/wp-json\/wp\/v2\/users\/20"}],"replies":[{"embeddable":true,"href":"http:\/\/desarrollo.grupomedios.com\/futbol\/wp-json\/wp\/v2\/comments?post=487767"}],"version-history":[{"count":2,"href":"http:\/\/desarrollo.grupomedios.com\/futbol\/wp-json\/wp\/v2\/posts\/487767\/revisions"}],"predecessor-version":[{"id":487773,"href":"http:\/\/desarrollo.grupomedios.com\/futbol\/wp-json\/wp\/v2\/posts\/487767\/revisions\/487773"}],"wp:featuredmedia":[{"embeddable":true,"href":"http:\/\/desarrollo.grupomedios.com\/futbol\/wp-json\/wp\/v2\/media\/479795"}],"wp:attachment":[{"href":"http:\/\/desarrollo.grupomedios.com\/futbol\/wp-json\/wp\/v2\/media?parent=487767"}],"wp:term":[{"taxonomy":"category","embeddable":true,"href":"http:\/\/desarrollo.grupomedios.com\/futbol\/wp-json\/wp\/v2\/categories?post=487767"},{"taxonomy":"post_tag","embeddable":true,"href":"http:\/\/desarrollo.grupomedios.com\/futbol\/wp-json\/wp\/v2\/tags?post=487767"}],"curies":[{"name":"wp","href":"https:\/\/api.w.org\/{rel}","templated":true}]}}