{"id":487777,"date":"2017-07-11T15:16:53","date_gmt":"2017-07-11T20:16:53","guid":{"rendered":"https:\/\/www.futboltotal.com.mx\/?p=487777"},"modified":"2017-07-11T15:31:37","modified_gmt":"2017-07-11T20:31:37","slug":"jorge-campos-defiende-a-ochoa-por-ir-a-belgica","status":"publish","type":"post","link":"http:\/\/desarrollo.grupomedios.com\/futbol\/futbol-mexicano\/jorge-campos-defiende-a-ochoa-por-ir-a-belgica\/2017\/07","title":{"rendered":"Jorge Campos defiende a Ochoa por ir a B\u00e9lgica"},"content":{"rendered":"<p>A pesar de que muchos han criticado a <span style=\"color: #3366ff;\"><a style=\"color: #3366ff;\" href=\"https:\/\/www.futboltotal.com.mx\/2017\/07\/standard-liege-oficializa-la-llegada-guillermo-ochoa\/\" target=\"_blank\" rel=\"noopener noreferrer\">Guillermo Ochoa por su paso al futbol de B\u00e9lgica<\/a><\/span>, el ex portero y s\u00edmbolo de M\u00e9xico, <strong>Jorge Campos<\/strong>, asegura que el ex arquero del Granada debe tener buenos motivos para haber firmado con el Standard de Lieja.<\/p>\n<p>\u201cS\u00f3lo \u00e9l sabe lo que est\u00e1 buscando. Me imagino que tiene ofertas de M\u00e9xico, de la MLS, y que cualquier club del futbol mexicano lo podr\u00eda adquirir porque es uno de los mejores porteros del pa\u00eds. Para m\u00ed est\u00e1 bien que siga en Europa, pues a \u00e9l le gusta y eso es lo m\u00e1s importante\u201d, coment\u00f3 Campos.<\/p>\n<p style=\"text-align: center;\"><span style=\"color: #3366ff;\"><a style=\"color: #3366ff;\" href=\"https:\/\/www.futboltotal.com.mx\/2017\/07\/porto-confirma-jugaran-en-mexico\/\">VER M\u00c1S: Porto confirma que ellos s\u00ed jugar\u00e1n en M\u00e9xico<\/a><\/span><\/p>\n<p>El Brody explic\u00f3 que apoya a Ochoa aunque en B\u00e9lgica no est\u00e9n los mejores jugadores del mundo, pues asegura que \u201cen todos los pa\u00edses del mundo hay equipos buenos y atractivos. No es mala idea estar en B\u00e9lgica. A mucha gente no le gusta, pero Memo sabe lo que quiere, lo que busca\u201d.<\/p>\n<p>Campos afirma que si quisiera estar uno de los mejores clubes de M\u00e9xico \u201ctiene las puertas abiertas. Si lo quisiera no tendr\u00eda ning\u00fan problema para conseguir equipo. debe tener un gran motivo, sobre todo personal, para irse a Lieja\u201d.<\/p>\n<p>-\u00bfQu\u00e9 consejo le das a Memo? \u201c\u00c9l tiene que jugar en donde se sienta contento, donde est\u00e9 disfrutando de su vida personal con su familia; eso es lo m\u00e1s importante. A estas alturas ya ha estado en dos Mundiales, en los mejores equipos en M\u00e9xico y sabe lo que necesita. Y cuando quiera volver a M\u00e9xico lo va a hacer y todos lo van a querer. Lo mejor es que se mantenga mentalmente bien\u201d, cont\u00f3 en entrevista para <em>ESPN Digital.<\/em><\/p>\n<p style=\"text-align: center;\"><span style=\"color: #3366ff;\"><a style=\"color: #3366ff;\" href=\"https:\/\/www.futboltotal.com.mx\/2017\/07\/dani-alves-alcanza-acuerdo-oral-psg-segun-la-prensa-francesa\/\">VER M\u00c1S: Dani Alves habr\u00eda alcanzado un acuerdo para fichar con el PSG<\/a><\/span><\/p>\n<p>Jorge lamenta que no haya tenido en Europa la fortuna que todos quisieran, como estar en equipos que ocupen las primeras cinco posiciones de un torneo, \u201cpero nunca es tarde. Siempre hay una mejor oportunidad en la vida\u201d.<\/p>\n","protected":false},"excerpt":{"rendered":"<p>El ex portero del TRI confi\u00f3 en la decisi\u00f3n de Ochoa.<\/p>\n","protected":false},"author":20,"featured_media":454739,"comment_status":"closed","ping_status":"closed","sticky":false,"template":"","format":"standard","meta":[],"categories":[2198],"tags":[5991,2053],"_links":{"self":[{"href":"http:\/\/desarrollo.grupomedios.com\/futbol\/wp-json\/wp\/v2\/posts\/487777"}],"collection":[{"href":"http:\/\/desarrollo.grupomedios.com\/futbol\/wp-json\/wp\/v2\/posts"}],"about":[{"href":"http:\/\/desarrollo.grupomedios.com\/futbol\/wp-json\/wp\/v2\/types\/post"}],"author":[{"embeddable":true,"href":"http:\/\/desarrollo.grupomedios.com\/futbol\/wp-json\/wp\/v2\/users\/20"}],"replies":[{"embeddable":true,"href":"http:\/\/desarrollo.grupomedios.com\/futbol\/wp-json\/wp\/v2\/comments?post=487777"}],"version-history":[{"count":2,"href":"http:\/\/desarrollo.grupomedios.com\/futbol\/wp-json\/wp\/v2\/posts\/487777\/revisions"}],"predecessor-version":[{"id":487789,"href":"http:\/\/desarrollo.grupomedios.com\/futbol\/wp-json\/wp\/v2\/posts\/487777\/revisions\/487789"}],"wp:featuredmedia":[{"embeddable":true,"href":"http:\/\/desarrollo.grupomedios.com\/futbol\/wp-json\/wp\/v2\/media\/454739"}],"wp:attachment":[{"href":"http:\/\/desarrollo.grupomedios.com\/futbol\/wp-json\/wp\/v2\/media?parent=487777"}],"wp:term":[{"taxonomy":"category","embeddable":true,"href":"http:\/\/desarrollo.grupomedios.com\/futbol\/wp-json\/wp\/v2\/categories?post=487777"},{"taxonomy":"post_tag","embeddable":true,"href":"http:\/\/desarrollo.grupomedios.com\/futbol\/wp-json\/wp\/v2\/tags?post=487777"}],"curies":[{"name":"wp","href":"https:\/\/api.w.org\/{rel}","templated":true}]}}