{"id":487783,"date":"2017-07-11T15:13:35","date_gmt":"2017-07-11T20:13:35","guid":{"rendered":"https:\/\/www.futboltotal.com.mx\/?p=487783"},"modified":"2017-07-11T15:13:35","modified_gmt":"2017-07-11T20:13:35","slug":"sergio-ramos-despidio-a-james-rodriguez-con-mensaje-especial","status":"publish","type":"post","link":"http:\/\/desarrollo.grupomedios.com\/futbol\/futbol-internacional\/sergio-ramos-despidio-a-james-rodriguez-con-mensaje-especial\/2017\/07","title":{"rendered":"Sergio Ramos despidi\u00f3 a James con mensaje especial"},"content":{"rendered":"<p>Luego de que se hiciera oficial la cesi\u00f3n de <a href=\"https:\/\/www.futboltotal.com.mx\/2017\/07\/james-rodriguez-deja-real-madrid-se-marcha-bayern-munich\/\" target=\"_blank\" rel=\"noopener noreferrer\"><span style=\"color: #333399;\"><strong>James Rodr\u00edguez<\/strong><\/span><\/a> al <span style=\"color: #333399;\"><strong>Bayern Munich<\/strong> <\/span>por las pr\u00f3ximas dos temporadas, el capit\u00e1n del <strong><a href=\"https:\/\/www.futboltotal.com.mx\/2017\/07\/real-madrid-presento-a-theo-hernandez-en-el-santiago-bernabeu\/\" target=\"_blank\" rel=\"noopener noreferrer\"><span style=\"color: #333399;\">Real Madrid<\/span><\/a>, <a href=\"https:\/\/www.futboltotal.com.mx\/2017\/06\/iker-casillas-trollea-a-sergio-ramos-lionel-messi\/\" target=\"_blank\" rel=\"noopener noreferrer\"><span style=\"color: #333399;\">Sergio Ramos<\/span><\/a><\/strong>, despidi\u00f3 al jugador cafetalero con emotivas palabras en su cuenta oficial de <strong>Twitter.<\/strong><\/p>\n<p>\u201cPanita, te deseo das Beste salvo cuando nos crucemos en Champions League, claro. \u00a1Suerte, James!<\/p>\n<p>&nbsp;<\/p>\n<blockquote class=\"twitter-tweet\" data-lang=\"es\">\n<p dir=\"ltr\" lang=\"es\">Panita, te deseo das Beste en tu nueva etapa&#8230; salvo cuando nos crucemos en <a href=\"https:\/\/twitter.com\/hashtag\/ChampionsLeague?src=hash\">#ChampionsLeague<\/a>, claro.  \u00a1Suerte, <a href=\"https:\/\/twitter.com\/jamesdrodriguez\">@jamesdrodriguez<\/a>!<\/p>\n<p>\u2014 Sergio Ramos (@SergioRamos) <a href=\"https:\/\/twitter.com\/SergioRamos\/status\/884756383442378752\">11 de julio de 2017<\/a><\/p><\/blockquote>\n<p><script async src=\"\/\/platform.twitter.com\/widgets.js\" charset=\"utf-8\"><\/script><\/p>\n<p>Por su parte el conjunto Merengue public\u00f3 en un comunicado: \u201cEl Real Madrid C.F y el Bayern Munich han acordado la cesi\u00f3n del jugador James Rodr\u00edguez para las dos pr\u00f3ximas temporadas, pendiente del pertinente reconocimiento m\u00e9dico\u201d.<\/p>\n<p>Mientras tanto, el conjunto b\u00e1varo public\u00f3 con gran \u00e1nimo la llegada del jugador colombiano.<\/p>\n<p>&nbsp;<\/p>\n<blockquote class=\"twitter-tweet\" data-lang=\"es\">\n<p dir=\"ltr\" lang=\"es\">\u00a1As\u00ed estamos ahora mismo con la llegada de <a href=\"https:\/\/twitter.com\/jamesdrodriguez\">@jamesdrodriguez<\/a> al <a href=\"https:\/\/twitter.com\/hashtag\/FCBayern?src=hash\">#FCBayern<\/a>!  <a href=\"https:\/\/twitter.com\/hashtag\/BienvenidoJames?src=hash\">#BienvenidoJames<\/a> <a href=\"https:\/\/t.co\/dBY1nONggf\">pic.twitter.com\/dBY1nONggf<\/a><\/p>\n<p>\u2014 FC Bayern Espa\u00f1ol (@FCBayernES) <a href=\"https:\/\/twitter.com\/FCBayernES\/status\/884764354813493248\">11 de julio de 2017<\/a><\/p><\/blockquote>\n<p><script async src=\"\/\/platform.twitter.com\/widgets.js\" charset=\"utf-8\"><\/script><\/p>\n","protected":false},"excerpt":{"rendered":"<p>Ramos le dese\u00f3 suerte a James muy a su estilo<\/p>\n","protected":false},"author":20,"featured_media":487785,"comment_status":"closed","ping_status":"closed","sticky":false,"template":"","format":"standard","meta":[],"categories":[5419,3839],"tags":[2056,6082,5988,6020],"_links":{"self":[{"href":"http:\/\/desarrollo.grupomedios.com\/futbol\/wp-json\/wp\/v2\/posts\/487783"}],"collection":[{"href":"http:\/\/desarrollo.grupomedios.com\/futbol\/wp-json\/wp\/v2\/posts"}],"about":[{"href":"http:\/\/desarrollo.grupomedios.com\/futbol\/wp-json\/wp\/v2\/types\/post"}],"author":[{"embeddable":true,"href":"http:\/\/desarrollo.grupomedios.com\/futbol\/wp-json\/wp\/v2\/users\/20"}],"replies":[{"embeddable":true,"href":"http:\/\/desarrollo.grupomedios.com\/futbol\/wp-json\/wp\/v2\/comments?post=487783"}],"version-history":[{"count":1,"href":"http:\/\/desarrollo.grupomedios.com\/futbol\/wp-json\/wp\/v2\/posts\/487783\/revisions"}],"predecessor-version":[{"id":487786,"href":"http:\/\/desarrollo.grupomedios.com\/futbol\/wp-json\/wp\/v2\/posts\/487783\/revisions\/487786"}],"wp:featuredmedia":[{"embeddable":true,"href":"http:\/\/desarrollo.grupomedios.com\/futbol\/wp-json\/wp\/v2\/media\/487785"}],"wp:attachment":[{"href":"http:\/\/desarrollo.grupomedios.com\/futbol\/wp-json\/wp\/v2\/media?parent=487783"}],"wp:term":[{"taxonomy":"category","embeddable":true,"href":"http:\/\/desarrollo.grupomedios.com\/futbol\/wp-json\/wp\/v2\/categories?post=487783"},{"taxonomy":"post_tag","embeddable":true,"href":"http:\/\/desarrollo.grupomedios.com\/futbol\/wp-json\/wp\/v2\/tags?post=487783"}],"curies":[{"name":"wp","href":"https:\/\/api.w.org\/{rel}","templated":true}]}}