{"id":487811,"date":"2017-07-11T17:27:06","date_gmt":"2017-07-11T22:27:06","guid":{"rendered":"https:\/\/www.futboltotal.com.mx\/?p=487811"},"modified":"2017-07-11T17:27:06","modified_gmt":"2017-07-11T22:27:06","slug":"los-angeles-paris-seran-las-sedes-los-juegos-olimpicos","status":"publish","type":"post","link":"http:\/\/desarrollo.grupomedios.com\/futbol\/cambio-de-juego\/los-angeles-paris-seran-las-sedes-los-juegos-olimpicos\/2017\/07","title":{"rendered":"\u00a1Los \u00c1ngeles y Par\u00eds ser\u00e1n las sedes de los Juegos Ol\u00edmpicos!"},"content":{"rendered":"<p>La estrategia de &#8220;todo el mundo gana&#8221; promovida por el presidente del Comit\u00e9 Ol\u00edmpico Internacional (COI), el alem\u00e1n Thomas Bach, triunf\u00f3 hoy en la sesi\u00f3n extraordinaria del organismo, que decidi\u00f3 abrir la posibilidad a otorgar de forma simult\u00e1nea los\u00a0<strong><span class=\"classCadenaBusqueda\">Juegos<\/span>\u00a0<span class=\"classCadenaBusqueda\">Ol\u00edmpicos<\/span><\/strong>\u00a0de 2024 y 2028 a L<strong>os \u00c1ngeles<\/strong> y <strong>Par\u00eds<\/strong>.<\/p>\n<p>&#8220;Estamos celebrando un momento feliz. Hemos aprovechado una oportunidad de oro de dar estabilidad a los\u00a0<span class=\"classCadenaBusqueda\">Juegos<\/span>\u00a0durante once a\u00f1os&#8221;, afirm\u00f3 Bach en rueda de prensa tras la decisi\u00f3n.<\/p>\n<blockquote class=\"twitter-tweet\" data-width=\"500\">\n<p lang=\"en\" dir=\"ltr\">Mayors of LA &amp; Paris join President Bach on stage to celebrate decision for double allocation of Olympics 2024 and 2028 <a href=\"https:\/\/twitter.com\/LA2024\">@LA2024<\/a> <a href=\"https:\/\/twitter.com\/Paris2024\">@Paris2024<\/a> <a href=\"https:\/\/t.co\/ERBss40QL0\">pic.twitter.com\/ERBss40QL0<\/a><\/p>\n<p>&mdash; IOC MEDIA (@iocmedia) <a href=\"https:\/\/twitter.com\/iocmedia\/status\/884817102112256000\">July 11, 2017<\/a><\/p><\/blockquote>\n<p><script async src=\"\/\/platform.twitter.com\/widgets.js\" charset=\"utf-8\"><\/script><\/p>\n<p>De esta manera &#8220;todo el mundo gana&#8221;, el &#8220;mantra&#8221; que Bach ha promovido en las \u00faltimas semanas y que ha conquistado a los candidatos y a los miembros del COI, y que hace referencia a que todos, las dos megal\u00f3polis y la propia entidad, ganan, ha triunfado.<\/p>\n<p>Una estrategia que, adem\u00e1s, aleja la posibilidad de quedarse sin opciones, dado que en los \u00faltimos a\u00f1os se ha reducido dr\u00e1sticamente el n\u00famero de ciudades candidatas.<\/p>\n<p>El orden de cu\u00e1l ser\u00e1 la sede en qu\u00e9 a\u00f1o no se tomar\u00e1 hasta la reuni\u00f3n del 13 de septiembre en Lima, cuando los miembros del COI deber\u00e1n escoger qu\u00e9 ciudad acoger\u00e1 qu\u00e9\u00a0<span class=\"classCadenaBusqueda\">Juegos<\/span>.<\/p>\n<p style=\"text-align: center;\"><span style=\"color: #3366ff;\"><a style=\"color: #3366ff;\" href=\"https:\/\/www.futboltotal.com.mx\/2017\/07\/leon-trolleo-a-tigres-y-rayados-presumiendo-su-duelo-ante-la-juve\/\">VER M\u00c1S: Le\u00f3n trolle\u00f3 a Tigres y Rayados presumiendo su duelo ante la Juve<\/a><\/span><\/p>\n<p>&#8220;En la historia de los\u00a0<span class=\"classCadenaBusqueda\">Juegos<\/span>\u00a0ha habido 37 veces en la que ha habido un empate en la medalla de oro, creo que hoy es la 38&#8243;, afirm\u00f3 Eric Garcetti, alcalde de <strong>Los \u00c1ngeles<\/strong>.<\/p>\n<p>&#8220;Vivimos un momento hist\u00f3rico, se ha tomado una decisi\u00f3n en la que todos ganan. Usted, se\u00f1or Bach, ha sido un visionario, alguien que ha entendido las dificultades que enfrentan las ciudades para ser candidatas&#8221;, asegur\u00f3 por su parte la alcaldesa de Par\u00eds.<\/p>\n<p>Para que la estrategia funcione, sin embargo, las dos ciudades candidatas tienen que comprometerse por escrito y p\u00fablicamente, antes de la elecci\u00f3n en septiembre en Lima, a que aceptar\u00e1n ser sede de los <strong>JJOO<\/strong> en ambos a\u00f1os.<\/p>\n<p>No hay fecha especifica para alcanzarlo pero la idea es poder lograrlo antes de la cita de Lima.<\/p>\n<p style=\"text-align: center;\"><span style=\"color: #3366ff;\"><a style=\"color: #3366ff;\" href=\"https:\/\/www.futboltotal.com.mx\/2017\/07\/marco-fabian-dedico-a-mexico-el-mejor-gol-de-confederaciones\/\">VER M\u00c1S: Fabi\u00e1n dedica mejor gol de Confederaciones a M\u00e9xico<\/a><\/span><\/p>\n","protected":false},"excerpt":{"rendered":"<p>El Comit\u00e9 Ol\u00edmpico har\u00e1 el anuncio en el pr\u00f3ximo mes de septiembre.<\/p>\n","protected":false},"author":144,"featured_media":487816,"comment_status":"closed","ping_status":"closed","sticky":false,"template":"","format":"standard","meta":[],"categories":[5419,6411],"tags":[5460,1911,5461],"_links":{"self":[{"href":"http:\/\/desarrollo.grupomedios.com\/futbol\/wp-json\/wp\/v2\/posts\/487811"}],"collection":[{"href":"http:\/\/desarrollo.grupomedios.com\/futbol\/wp-json\/wp\/v2\/posts"}],"about":[{"href":"http:\/\/desarrollo.grupomedios.com\/futbol\/wp-json\/wp\/v2\/types\/post"}],"author":[{"embeddable":true,"href":"http:\/\/desarrollo.grupomedios.com\/futbol\/wp-json\/wp\/v2\/users\/144"}],"replies":[{"embeddable":true,"href":"http:\/\/desarrollo.grupomedios.com\/futbol\/wp-json\/wp\/v2\/comments?post=487811"}],"version-history":[{"count":1,"href":"http:\/\/desarrollo.grupomedios.com\/futbol\/wp-json\/wp\/v2\/posts\/487811\/revisions"}],"predecessor-version":[{"id":487817,"href":"http:\/\/desarrollo.grupomedios.com\/futbol\/wp-json\/wp\/v2\/posts\/487811\/revisions\/487817"}],"wp:featuredmedia":[{"embeddable":true,"href":"http:\/\/desarrollo.grupomedios.com\/futbol\/wp-json\/wp\/v2\/media\/487816"}],"wp:attachment":[{"href":"http:\/\/desarrollo.grupomedios.com\/futbol\/wp-json\/wp\/v2\/media?parent=487811"}],"wp:term":[{"taxonomy":"category","embeddable":true,"href":"http:\/\/desarrollo.grupomedios.com\/futbol\/wp-json\/wp\/v2\/categories?post=487811"},{"taxonomy":"post_tag","embeddable":true,"href":"http:\/\/desarrollo.grupomedios.com\/futbol\/wp-json\/wp\/v2\/tags?post=487811"}],"curies":[{"name":"wp","href":"https:\/\/api.w.org\/{rel}","templated":true}]}}