{"id":487814,"date":"2017-07-11T17:43:42","date_gmt":"2017-07-11T22:43:42","guid":{"rendered":"https:\/\/www.futboltotal.com.mx\/?p=487814"},"modified":"2017-07-11T17:43:42","modified_gmt":"2017-07-11T22:43:42","slug":"omar-govea-tiene-sus-primeros-minutos-en-belgica","status":"publish","type":"post","link":"http:\/\/desarrollo.grupomedios.com\/futbol\/destacado-home\/omar-govea-tiene-sus-primeros-minutos-en-belgica\/2017\/07","title":{"rendered":"Omar Govea tuvo sus primeros minutos con el Royal Excel"},"content":{"rendered":"<p>El mediocampista mexicano, <a href=\"https:\/\/www.futboltotal.com.mx\/2017\/05\/omar-govea-raul-gudino-campeones-europa\/\" target=\"_blank\" rel=\"noopener noreferrer\"><span style=\"color: #333399;\"><strong>Omar Govea<\/strong><\/span><\/a>, tuvo sus primero minutos como jugador del <strong>Royal Excel<\/strong> en duelo amistoso ante el <strong>Vervies.<\/strong><\/p>\n<p style=\"text-align: center;\"><a href=\"https:\/\/www.futboltotal.com.mx\/2017\/07\/los-angeles-paris-seran-las-sedes-los-juegos-olimpicos\/\" target=\"_blank\" rel=\"noopener noreferrer\"><span style=\"color: #333399;\">VER M\u00c1S:\u00a0\u00a1Los \u00c1ngeles y Par\u00eds ser\u00e1n las sedes de los Juegos Ol\u00edmpicos!<\/span><\/a><\/p>\n<p>El joven futbolista de 21 a\u00f1os fue titular en el cotejo que su equipo gan\u00f3 7-2. El surgido de las Fuerzas B\u00e1sicas del <strong>Club Am\u00e9rica<\/strong>, estuvo las pasadas dos temporadas con el <a href=\"https:\/\/www.futboltotal.com.mx\/2017\/07\/porto-confirma-jugaran-en-mexico\/\" target=\"_blank\" rel=\"noopener noreferrer\"><span style=\"color: #333399;\"><strong>Porto<\/strong><\/span><\/a> de <strong>Portugal,<\/strong> donde milit\u00f3 en el <strong>Porto B<\/strong>, y ahora vivir\u00e1 su primera aventura en el <em>Viejo Continente<\/em> con un equipo de <strong>Primera Divisi\u00f3n.<\/strong><\/p>\n<p style=\"text-align: center;\"><a href=\"https:\/\/www.futboltotal.com.mx\/2017\/07\/ricardo-pelaez-cuauhtemoc-blanco-liman-asperezas\/\" target=\"_blank\" rel=\"noopener noreferrer\"><span style=\"color: #333399;\">VER M\u00c1S:\u00a0Ricardo Pel\u00e1ez y Cuauht\u00e9moc Blanco liman asperezas<\/span><\/a><\/p>\n<p>La pr\u00f3xima campa\u00f1a de la <strong>Pro League de B\u00e9lgica<\/strong> podr\u00eda ser la primera ocasi\u00f3n en que dos mexicanos se vean las caras en la liga belga, cuando a mediados de octubre el <strong>Royal Mouscron<\/strong> le haga los honores del <a href=\"https:\/\/www.futboltotal.com.mx\/2017\/07\/standard-liege-oficializa-la-llegada-guillermo-ochoa\/\" target=\"_blank\" rel=\"noopener noreferrer\"><span style=\"color: #333399;\"><strong>Standard de Lieja<\/strong><\/span><\/a>, conjunto que reci\u00e9n fich\u00f3 a <a href=\"https:\/\/www.futboltotal.com.mx\/2017\/07\/jorge-campos-defiende-a-ochoa-por-ir-a-belgica\/\" target=\"_blank\" rel=\"noopener noreferrer\"><span style=\"color: #333399;\"><strong>Guillermo Ochoa.<\/strong><\/span><\/a><\/p>\n<p><a href=\"https:\/\/www.futboltotal.com.mx\/wp-content\/uploads\/2017\/07\/DEfDHEnU0AAa7KC.jpg\"><img decoding=\"async\" loading=\"lazy\" class=\"size-medium wp-image-487815 aligncenter\" src=\"https:\/\/www.futboltotal.com.mx\/wp-content\/uploads\/2017\/07\/DEfDHEnU0AAa7KC-225x300.jpg\" alt=\"Omar Govea tuvo sus primeros minutos con el Royal Excel 0\" srcset=\"http:\/\/desarrollo.grupomedios.com\/futbol\/wp-content\/uploads\/2017\/07\/DEfDHEnU0AAa7KC-225x300.jpg 225w, http:\/\/desarrollo.grupomedios.com\/futbol\/wp-content\/uploads\/2017\/07\/DEfDHEnU0AAa7KC-768x1024.jpg 768w, http:\/\/desarrollo.grupomedios.com\/futbol\/wp-content\/uploads\/2017\/07\/DEfDHEnU0AAa7KC.jpg 900w\" sizes=\"(max-width: 225px) 100vw, 225px\" \/><\/a><\/p>\n","protected":false},"excerpt":{"rendered":"<p>Govea hizo su debut con el Royal Excel<\/p>\n","protected":false},"author":20,"featured_media":487820,"comment_status":"closed","ping_status":"closed","sticky":false,"template":"","format":"standard","meta":[],"categories":[5,3839,6718],"tags":[599,5991,5612,1208,9341,9340,2252],"_links":{"self":[{"href":"http:\/\/desarrollo.grupomedios.com\/futbol\/wp-json\/wp\/v2\/posts\/487814"}],"collection":[{"href":"http:\/\/desarrollo.grupomedios.com\/futbol\/wp-json\/wp\/v2\/posts"}],"about":[{"href":"http:\/\/desarrollo.grupomedios.com\/futbol\/wp-json\/wp\/v2\/types\/post"}],"author":[{"embeddable":true,"href":"http:\/\/desarrollo.grupomedios.com\/futbol\/wp-json\/wp\/v2\/users\/20"}],"replies":[{"embeddable":true,"href":"http:\/\/desarrollo.grupomedios.com\/futbol\/wp-json\/wp\/v2\/comments?post=487814"}],"version-history":[{"count":1,"href":"http:\/\/desarrollo.grupomedios.com\/futbol\/wp-json\/wp\/v2\/posts\/487814\/revisions"}],"predecessor-version":[{"id":487821,"href":"http:\/\/desarrollo.grupomedios.com\/futbol\/wp-json\/wp\/v2\/posts\/487814\/revisions\/487821"}],"wp:featuredmedia":[{"embeddable":true,"href":"http:\/\/desarrollo.grupomedios.com\/futbol\/wp-json\/wp\/v2\/media\/487820"}],"wp:attachment":[{"href":"http:\/\/desarrollo.grupomedios.com\/futbol\/wp-json\/wp\/v2\/media?parent=487814"}],"wp:term":[{"taxonomy":"category","embeddable":true,"href":"http:\/\/desarrollo.grupomedios.com\/futbol\/wp-json\/wp\/v2\/categories?post=487814"},{"taxonomy":"post_tag","embeddable":true,"href":"http:\/\/desarrollo.grupomedios.com\/futbol\/wp-json\/wp\/v2\/tags?post=487814"}],"curies":[{"name":"wp","href":"https:\/\/api.w.org\/{rel}","templated":true}]}}