{"id":487818,"date":"2017-07-11T17:44:35","date_gmt":"2017-07-11T22:44:35","guid":{"rendered":"https:\/\/www.futboltotal.com.mx\/?p=487818"},"modified":"2017-07-11T17:44:35","modified_gmt":"2017-07-11T22:44:35","slug":"gustavo-matosas-se-lleva-a-argentina-jugador-del-leon","status":"publish","type":"post","link":"http:\/\/desarrollo.grupomedios.com\/futbol\/futbol-mexicano\/gustavo-matosas-se-lleva-a-argentina-jugador-del-leon\/2017\/07","title":{"rendered":"Gustavo Matosas se lleva a Argentina un jugador del Le\u00f3n"},"content":{"rendered":"<p><strong>Gustavo Matosas<\/strong>, actual estratega de <strong>Estudiantes de la Plata<\/strong> en Argentina, ya tiene todo listo para llevarse a un jugador de <strong>Le\u00f3n<\/strong>.<\/p>\n<p><strong>Hern\u00e1n Dar\u00edo Burbano<\/strong>, el colombiano nacionalizado mexicano, ya tiene todo acordado para sumarse al club argentino, de acuerdo con <em>TyC Sports<\/em>.<\/p>\n<p style=\"text-align: center;\"><span style=\"color: #333399;\"><a style=\"color: #333399;\" href=\"https:\/\/www.futboltotal.com.mx\/2017\/07\/hugo-sanchez-suena-presidente-la-fmf\/\" target=\"_blank\" rel=\"noopener noreferrer\">VER M\u00c1S: Hugo S\u00e1nchez sue\u00f1a con ser presidente de la FMF<\/a><\/span><\/p>\n<p><strong>Matosas<\/strong> y <strong>Burbano<\/strong> estuvieron juntos una etapa con Le\u00f3n, juntos obtuvieron el sexto t\u00edtulo para los <strong>Panzas Verdes<\/strong> en el <strong>Apertura 2013<\/strong>.<\/p>\n<p>Como parte de la negociaci\u00f3n, a <strong>Le\u00f3n<\/strong> llegar\u00eda el centrocampista argentino <strong>Leonardo Gil<\/strong>, que actualmente juega en <strong>Talleres<\/strong>; sin embargo, su carta pertenece a <strong>Estudiantes de la Plata<\/strong>.<\/p>\n<p style=\"text-align: center;\"><span style=\"color: #333399;\"><a style=\"color: #333399;\" href=\"https:\/\/www.futboltotal.com.mx\/2017\/07\/las-figuras-nunca-brillaron-en-real-madrid\/\" target=\"_blank\" rel=\"noopener noreferrer\">VER M\u00c1S: Las figuras que nunca brillaron en el Real Madrid<\/a><\/span><\/p>\n<p class=\"capital\">\n<p class=\"capital\">\n","protected":false},"excerpt":{"rendered":"<p>El estratega le quitar\u00e1 a los Panzas Verdes a un elemento colombiano, con quien ya trabaj\u00f3 y fueron campeones en el Apertura 2013<\/p>\n","protected":false},"author":20,"featured_media":453936,"comment_status":"closed","ping_status":"closed","sticky":false,"template":"","format":"standard","meta":[],"categories":[2198,3845],"tags":[4576,4159,93,5965],"_links":{"self":[{"href":"http:\/\/desarrollo.grupomedios.com\/futbol\/wp-json\/wp\/v2\/posts\/487818"}],"collection":[{"href":"http:\/\/desarrollo.grupomedios.com\/futbol\/wp-json\/wp\/v2\/posts"}],"about":[{"href":"http:\/\/desarrollo.grupomedios.com\/futbol\/wp-json\/wp\/v2\/types\/post"}],"author":[{"embeddable":true,"href":"http:\/\/desarrollo.grupomedios.com\/futbol\/wp-json\/wp\/v2\/users\/20"}],"replies":[{"embeddable":true,"href":"http:\/\/desarrollo.grupomedios.com\/futbol\/wp-json\/wp\/v2\/comments?post=487818"}],"version-history":[{"count":1,"href":"http:\/\/desarrollo.grupomedios.com\/futbol\/wp-json\/wp\/v2\/posts\/487818\/revisions"}],"predecessor-version":[{"id":487822,"href":"http:\/\/desarrollo.grupomedios.com\/futbol\/wp-json\/wp\/v2\/posts\/487818\/revisions\/487822"}],"wp:featuredmedia":[{"embeddable":true,"href":"http:\/\/desarrollo.grupomedios.com\/futbol\/wp-json\/wp\/v2\/media\/453936"}],"wp:attachment":[{"href":"http:\/\/desarrollo.grupomedios.com\/futbol\/wp-json\/wp\/v2\/media?parent=487818"}],"wp:term":[{"taxonomy":"category","embeddable":true,"href":"http:\/\/desarrollo.grupomedios.com\/futbol\/wp-json\/wp\/v2\/categories?post=487818"},{"taxonomy":"post_tag","embeddable":true,"href":"http:\/\/desarrollo.grupomedios.com\/futbol\/wp-json\/wp\/v2\/tags?post=487818"}],"curies":[{"name":"wp","href":"https:\/\/api.w.org\/{rel}","templated":true}]}}