{"id":487958,"date":"2017-07-12T10:07:21","date_gmt":"2017-07-12T15:07:21","guid":{"rendered":"https:\/\/www.futboltotal.com.mx\/?p=487958"},"modified":"2017-07-12T10:07:21","modified_gmt":"2017-07-12T15:07:21","slug":"chaco-gimenez-revela-a-le-dejara-la-10-cruz-azul","status":"publish","type":"post","link":"http:\/\/desarrollo.grupomedios.com\/futbol\/futbol-mexicano\/chaco-gimenez-revela-a-le-dejara-la-10-cruz-azul\/2017\/07","title":{"rendered":"Chaco Gim\u00e9nez &#8216;revela&#8217; a qui\u00e9n le dejar\u00e1 la 10 de Cruz Azul"},"content":{"rendered":"<p>Durante los \u00faltimos a\u00f1os, <strong>Christian Gim\u00e9nez<\/strong> se ha convertido en uno de los \u00eddolos de <strong>Cruz Azul<\/strong> debido a su entrega en la cancha hac\u00eda el club, por lo que los aficionados est\u00e1n orgullosos de que el naturalizado mexicano porte la camiseta n\u00famero 10 del club.<\/p>\n<p>Pero <strong>Chaco<\/strong> sabe que sus \u00faltimos a\u00f1os como futbolistas est\u00e1n llegando y parece que ya est\u00e1 pensando a qui\u00e9n entregarle el dorsal que actualmente porta con <em>La M\u00e1quina<\/em>.<\/p>\n<p>A trav\u00e9s de su cuenta de Instagram, el <strong>Chaco Gim\u00e9nez<\/strong> comparti\u00f3 una imagen donde aparece con el ecuatoriano \u00c1ngel Mena en un jacuzzi y escribi\u00f3 que el delantero ser\u00eda el heredero de su camiseta en <strong>Cruz Azul<\/strong>.<\/p>\n<p style=\"text-align: center;\"><span style=\"color: #3366ff;\"><a style=\"color: #3366ff;\" href=\"https:\/\/www.futboltotal.com.mx\/2017\/07\/america-perdio-invicto-en-pretemporada-ante-morelia\/\">VER M\u00c1S: Am\u00e9rica perdi\u00f3 su invicto en pretemporada ante Morelia<\/a><\/span><\/p>\n<p><a href=\"https:\/\/www.futboltotal.com.mx\/wp-content\/uploads\/2017\/07\/chaco-gimenez-cruz-azul-10-mena.jpg\"><img decoding=\"async\" loading=\"lazy\" class=\"size-full wp-image-487961 aligncenter\" src=\"https:\/\/www.futboltotal.com.mx\/wp-content\/uploads\/2017\/07\/chaco-gimenez-cruz-azul-10-mena.jpg\" alt=\"Chaco Gim\u00e9nez &#8216;revela&#8217; a qui\u00e9n le dejar\u00e1 la 10 de Cruz Azul 0\" srcset=\"http:\/\/desarrollo.grupomedios.com\/futbol\/wp-content\/uploads\/2017\/07\/chaco-gimenez-cruz-azul-10-mena.jpg 719w, http:\/\/desarrollo.grupomedios.com\/futbol\/wp-content\/uploads\/2017\/07\/chaco-gimenez-cruz-azul-10-mena-169x300.jpg 169w, http:\/\/desarrollo.grupomedios.com\/futbol\/wp-content\/uploads\/2017\/07\/chaco-gimenez-cruz-azul-10-mena-575x1024.jpg 575w\" sizes=\"(max-width: 719px) 100vw, 719px\" \/><\/a><\/p>\n<p>\u00c1ngel Mena lleg\u00f3 a <strong>Cruz Azul<\/strong> para el torneo de Clausura 2017 y se convirti\u00f3 r\u00e1pidamente en uno de los referentes del club, pues el ecuatoriano marc\u00f3 siete goles con <em>La M\u00e1quina\u00a0<\/em>y ayud\u00f3 al club a sumar puntos en el torneo.<\/p>\n<p><iframe loading=\"lazy\" src=\"https:\/\/www.youtube.com\/embed\/A_GtNCc1mGs?feature=oembed\" frameborder=\"0\" allowfullscreen><\/iframe><\/p>\n","protected":false},"excerpt":{"rendered":"<p>El retiro del \u00eddolo cementero est\u00e1 cerca.<\/p>\n","protected":false},"author":20,"featured_media":472212,"comment_status":"closed","ping_status":"closed","sticky":false,"template":"","format":"standard","meta":[],"categories":[2198,3845],"tags":[7749,1056,5962],"_links":{"self":[{"href":"http:\/\/desarrollo.grupomedios.com\/futbol\/wp-json\/wp\/v2\/posts\/487958"}],"collection":[{"href":"http:\/\/desarrollo.grupomedios.com\/futbol\/wp-json\/wp\/v2\/posts"}],"about":[{"href":"http:\/\/desarrollo.grupomedios.com\/futbol\/wp-json\/wp\/v2\/types\/post"}],"author":[{"embeddable":true,"href":"http:\/\/desarrollo.grupomedios.com\/futbol\/wp-json\/wp\/v2\/users\/20"}],"replies":[{"embeddable":true,"href":"http:\/\/desarrollo.grupomedios.com\/futbol\/wp-json\/wp\/v2\/comments?post=487958"}],"version-history":[{"count":1,"href":"http:\/\/desarrollo.grupomedios.com\/futbol\/wp-json\/wp\/v2\/posts\/487958\/revisions"}],"predecessor-version":[{"id":487963,"href":"http:\/\/desarrollo.grupomedios.com\/futbol\/wp-json\/wp\/v2\/posts\/487958\/revisions\/487963"}],"wp:featuredmedia":[{"embeddable":true,"href":"http:\/\/desarrollo.grupomedios.com\/futbol\/wp-json\/wp\/v2\/media\/472212"}],"wp:attachment":[{"href":"http:\/\/desarrollo.grupomedios.com\/futbol\/wp-json\/wp\/v2\/media?parent=487958"}],"wp:term":[{"taxonomy":"category","embeddable":true,"href":"http:\/\/desarrollo.grupomedios.com\/futbol\/wp-json\/wp\/v2\/categories?post=487958"},{"taxonomy":"post_tag","embeddable":true,"href":"http:\/\/desarrollo.grupomedios.com\/futbol\/wp-json\/wp\/v2\/tags?post=487958"}],"curies":[{"name":"wp","href":"https:\/\/api.w.org\/{rel}","templated":true}]}}