{"id":487983,"date":"2017-07-12T11:22:18","date_gmt":"2017-07-12T16:22:18","guid":{"rendered":"https:\/\/www.futboltotal.com.mx\/?p=487983"},"modified":"2017-07-12T11:22:18","modified_gmt":"2017-07-12T16:22:18","slug":"en-queretaro-aceptan-ronaldinho-tomo-cervezas","status":"publish","type":"post","link":"http:\/\/desarrollo.grupomedios.com\/futbol\/futbol-mexicano\/en-queretaro-aceptan-ronaldinho-tomo-cervezas\/2017\/07","title":{"rendered":"En Quer\u00e9taro aceptan que Ronaldinho &#8220;s\u00ed tom\u00f3 cervezas&#8221;"},"content":{"rendered":"<p>El presidente Administrativo de <strong>Quer\u00e9taro<\/strong>, Arturo Villanueva, habl\u00f3 del tiempo que <strong>Ronaldinho<\/strong> estuvo en <strong>Gallos Blancos<\/strong> y las causas por las que caus\u00f3 pol\u00e9mica, aunque tambi\u00e9n lo defendi\u00f3.<\/p>\n<blockquote><p>&#8220;Yo creo que ah\u00ed nos dejamos ir por los comentarios de la prensa que en su mayor\u00eda fueron\u00a0amarillistas. <strong>Tom\u00f3 cervezas s\u00ed lo hizo<\/strong>; tuvo <strong>faltas de disciplina<\/strong>, s\u00ed, s\u00ed tuvo, pero no se dice todo&#8221;, expres\u00f3 el administrativo en conferencia de prensa.<\/p><\/blockquote>\n<p style=\"text-align: center;\"><span style=\"color: #333399;\"><a style=\"color: #333399;\" href=\"https:\/\/www.futboltotal.com.mx\/2017\/07\/diego-reyes-podria-llegar-al-futbol-ruso\/\" target=\"_blank\" rel=\"noopener noreferrer\">VER M\u00c1S: Diego Reyes suena para el futbol ruso<\/a><\/span><\/p>\n<p>Estableci\u00f3 que nunca se hizo un an\u00e1lisis completo y profundo, pues <strong>Ronaldinho<\/strong> logr\u00f3 que <strong>Gallos Blancos<\/strong> llegara a una final en la <strong>Liga MX<\/strong><\/p>\n<blockquote><p>&#8220;Lo que yo pregunto a la prensa en por qu\u00e9 no se dice que el 90 por ciento del torneo\u00a0fue l\u00edder de asistencias, que una jugada suya de \u00faltimo minuto nos meti\u00f3 a la\u00a0Liguilla\u00a0o que dos goles de \u00e9l nos llevaron a una\u00a0Semifinal. Cuando se hace un an\u00e1lisis se debe hacer un an\u00e1lisis completo&#8221;, puntualiz\u00f3.<\/p><\/blockquote>\n<p style=\"text-align: center;\"><span style=\"color: #333399;\"><a style=\"color: #333399;\" href=\"https:\/\/www.futboltotal.com.mx\/2017\/07\/en-leon-miedo-llegue-una-oferta-elias-hernandez\/\" target=\"_blank\" rel=\"noopener noreferrer\">VER M\u00c1S: Le\u00f3n teme por que lleguen ofertas por El\u00edas Hern\u00e1ndez<\/a><\/span><\/p>\n","protected":false},"excerpt":{"rendered":"<p>Quer\u00e9taro estableci\u00f3 que la prensa no hizo un an\u00e1lisis completo y profundo del brasile\u00f1o en su estancia en la Liga MX<\/p>\n","protected":false},"author":20,"featured_media":462053,"comment_status":"closed","ping_status":"closed","sticky":false,"template":"","format":"standard","meta":[],"categories":[2198,3845],"tags":[590,5970,5997],"_links":{"self":[{"href":"http:\/\/desarrollo.grupomedios.com\/futbol\/wp-json\/wp\/v2\/posts\/487983"}],"collection":[{"href":"http:\/\/desarrollo.grupomedios.com\/futbol\/wp-json\/wp\/v2\/posts"}],"about":[{"href":"http:\/\/desarrollo.grupomedios.com\/futbol\/wp-json\/wp\/v2\/types\/post"}],"author":[{"embeddable":true,"href":"http:\/\/desarrollo.grupomedios.com\/futbol\/wp-json\/wp\/v2\/users\/20"}],"replies":[{"embeddable":true,"href":"http:\/\/desarrollo.grupomedios.com\/futbol\/wp-json\/wp\/v2\/comments?post=487983"}],"version-history":[{"count":1,"href":"http:\/\/desarrollo.grupomedios.com\/futbol\/wp-json\/wp\/v2\/posts\/487983\/revisions"}],"predecessor-version":[{"id":487984,"href":"http:\/\/desarrollo.grupomedios.com\/futbol\/wp-json\/wp\/v2\/posts\/487983\/revisions\/487984"}],"wp:featuredmedia":[{"embeddable":true,"href":"http:\/\/desarrollo.grupomedios.com\/futbol\/wp-json\/wp\/v2\/media\/462053"}],"wp:attachment":[{"href":"http:\/\/desarrollo.grupomedios.com\/futbol\/wp-json\/wp\/v2\/media?parent=487983"}],"wp:term":[{"taxonomy":"category","embeddable":true,"href":"http:\/\/desarrollo.grupomedios.com\/futbol\/wp-json\/wp\/v2\/categories?post=487983"},{"taxonomy":"post_tag","embeddable":true,"href":"http:\/\/desarrollo.grupomedios.com\/futbol\/wp-json\/wp\/v2\/tags?post=487983"}],"curies":[{"name":"wp","href":"https:\/\/api.w.org\/{rel}","templated":true}]}}