{"id":487999,"date":"2017-07-12T13:21:55","date_gmt":"2017-07-12T18:21:55","guid":{"rendered":"https:\/\/www.futboltotal.com.mx\/?p=487999"},"modified":"2017-07-12T13:21:55","modified_gmt":"2017-07-12T18:21:55","slug":"olympique-marsella-aclara-estamos-interesados-en-vela-chicharito","status":"publish","type":"post","link":"http:\/\/desarrollo.grupomedios.com\/futbol\/futbol-mexicano\/olympique-marsella-aclara-estamos-interesados-en-vela-chicharito\/2017\/07","title":{"rendered":"Olympique de Marsella, aclara: &#8220;No estamos interesados en Vela y Chicharito&#8221;"},"content":{"rendered":"<p>Luego que se rumorara sobre el inter\u00e9s del <strong>Olympique de Marsella<\/strong> en los delanteros mexicanos, <strong>Carlos Vela<\/strong> y <strong>Javier Chicharito Hern\u00e1ndez<\/strong>, el equipo franc\u00e9s ha salido a desmentir estos rumores.<\/p>\n<p>El director Deportivo del\u00a0<strong>Olympique de Marsella<\/strong>, Andoni Zubizarreta, indic\u00f3 que no existe la posibilidad ni el inter\u00e9s del club por los delanteros mexicanos.<\/p>\n<p style=\"text-align: center;\"><span style=\"color: #333399;\"><a style=\"color: #333399;\" href=\"https:\/\/www.futboltotal.com.mx\/2017\/07\/matias-britos-esta-cerca-emigrar-al-futbol-arabe\/\" target=\"_blank\" rel=\"noopener noreferrer\">VER M\u00c1S: Mat\u00edas Britos cambiar\u00eda Pumas por los Emiratos \u00c1rabes Unidos<\/a><\/span><\/p>\n<blockquote><p>\u201cNo, no estamos interesados en los jugadores (<strong>Vela y Hern\u00e1ndez<\/strong>), y no hablaremos de ning\u00fan jugador hasta que anunciemos el fichaje de manera oficial\u201d, expres\u00f3 para el <em>diario R\u00e9cord.<\/em><\/p><\/blockquote>\n<p>Esto cierra una puerta para ambos futbolistas, que despu\u00e9s de la <strong>Copa Confederaciones<\/strong>, se encuentran en el mercado de fichajes y han sonado para varios clubes.<\/p>\n<p style=\"text-align: center;\"><span style=\"color: #333399;\"><a style=\"color: #333399;\" href=\"https:\/\/www.futboltotal.com.mx\/2017\/07\/diego-reyes-podria-llegar-al-futbol-ruso\/\" target=\"_blank\" rel=\"noopener noreferrer\">VER M\u00c1S: Diego Reyes suena para el futbol ruso<\/a><\/span><\/p>\n<p>&nbsp;<\/p>\n","protected":false},"excerpt":{"rendered":"<p>El club franc\u00e9s puso fin a los rumores que vinculaban a los dos delanteros de la Selecci\u00f3n Mexicana con la Ligue 1<\/p>\n","protected":false},"author":20,"featured_media":480470,"comment_status":"closed","ping_status":"closed","sticky":false,"template":"","format":"standard","meta":[],"categories":[3839,2198,3847],"tags":[6048,120,5985,408,7469],"_links":{"self":[{"href":"http:\/\/desarrollo.grupomedios.com\/futbol\/wp-json\/wp\/v2\/posts\/487999"}],"collection":[{"href":"http:\/\/desarrollo.grupomedios.com\/futbol\/wp-json\/wp\/v2\/posts"}],"about":[{"href":"http:\/\/desarrollo.grupomedios.com\/futbol\/wp-json\/wp\/v2\/types\/post"}],"author":[{"embeddable":true,"href":"http:\/\/desarrollo.grupomedios.com\/futbol\/wp-json\/wp\/v2\/users\/20"}],"replies":[{"embeddable":true,"href":"http:\/\/desarrollo.grupomedios.com\/futbol\/wp-json\/wp\/v2\/comments?post=487999"}],"version-history":[{"count":1,"href":"http:\/\/desarrollo.grupomedios.com\/futbol\/wp-json\/wp\/v2\/posts\/487999\/revisions"}],"predecessor-version":[{"id":488002,"href":"http:\/\/desarrollo.grupomedios.com\/futbol\/wp-json\/wp\/v2\/posts\/487999\/revisions\/488002"}],"wp:featuredmedia":[{"embeddable":true,"href":"http:\/\/desarrollo.grupomedios.com\/futbol\/wp-json\/wp\/v2\/media\/480470"}],"wp:attachment":[{"href":"http:\/\/desarrollo.grupomedios.com\/futbol\/wp-json\/wp\/v2\/media?parent=487999"}],"wp:term":[{"taxonomy":"category","embeddable":true,"href":"http:\/\/desarrollo.grupomedios.com\/futbol\/wp-json\/wp\/v2\/categories?post=487999"},{"taxonomy":"post_tag","embeddable":true,"href":"http:\/\/desarrollo.grupomedios.com\/futbol\/wp-json\/wp\/v2\/tags?post=487999"}],"curies":[{"name":"wp","href":"https:\/\/api.w.org\/{rel}","templated":true}]}}