{"id":488003,"date":"2017-07-12T13:49:18","date_gmt":"2017-07-12T18:49:18","guid":{"rendered":"https:\/\/www.futboltotal.com.mx\/?p=488003"},"modified":"2017-07-12T13:50:08","modified_gmt":"2017-07-12T18:50:08","slug":"bayer-leverkusen-chicharito-nuevo-jersey","status":"publish","type":"post","link":"http:\/\/desarrollo.grupomedios.com\/futbol\/futbol-internacional\/bayer-leverkusen-chicharito-nuevo-jersey\/2017\/07","title":{"rendered":"Bayer Leverkusen y Chicharito tienen nuevo jersey"},"content":{"rendered":"<p>El Bayer Leverkusen, donde milita el delantero mexicano, Javier Chicharito Hern\u00e1ndez, dio a conocer la indumentaria que utilizar\u00e1 para la temporada 2017-2018.<\/p>\n<p style=\"text-align: center;\"><span style=\"color: #333399;\"><a style=\"color: #333399;\" href=\"https:\/\/www.futboltotal.com.mx\/2017\/07\/matias-britos-esta-cerca-emigrar-al-futbol-arabe\/\" target=\"_blank\" rel=\"noopener noreferrer\">VER M\u00c1S: Mat\u00edas Britos se ir\u00e1 a los Emiratos \u00c1rabes Unidos<\/a><\/span><\/p>\n<p>A trav\u00e9s de sus redes sociales, el conjunto alem\u00e1n present\u00f3 un video en donde se puede ver la indumentaria que utilizar\u00e1n, la cual en su mayor\u00eda ser\u00e1 en color negro, con peque\u00f1os destellos en rojo, con l\u00edneas diagonales que bajan por el costado izquierdo de la camiseta.<\/p>\n<blockquote class=\"twitter-tweet\" data-lang=\"es\">\n<p dir=\"ltr\" lang=\"de\">11 Streifen f\u00fcr <a href=\"https:\/\/twitter.com\/bayer04fussball\">@bayer04fussball<\/a>. Alles zum neuen Heimtrikot f\u00fcr die <a href=\"https:\/\/twitter.com\/hashtag\/Werkself?src=hash\">#Werkself<\/a>: <a href=\"https:\/\/t.co\/OSZPKJ2SZS\">https:\/\/t.co\/OSZPKJ2SZS<\/a>. <a href=\"https:\/\/twitter.com\/hashtag\/weareteam?src=hash\">#weareteam<\/a> <a href=\"https:\/\/t.co\/rhnXc6UjVl\">pic.twitter.com\/rhnXc6UjVl<\/a><\/p>\n<p>\u2014 JAKO AG (@JAKO_info) <a href=\"https:\/\/twitter.com\/JAKO_info\/status\/885183618414514179\">12 de julio de 2017<\/a><\/p><\/blockquote>\n<p><script async src=\"\/\/platform.twitter.com\/widgets.js\" charset=\"utf-8\"><\/script><\/p>\n<p>Por el momento la camiseta solo est\u00e1 disponible en el mercado\u00a0alem\u00e1n.<\/p>\n<blockquote class=\"twitter-video\" data-lang=\"es\">\n<p dir=\"ltr\" lang=\"es\">\u00a1Les presentamos nuestro nuevo jersey de local para la temporada 2017\/18! \u26ab\ufe0f\u2764\ufe0f<a href=\"https:\/\/twitter.com\/hashtag\/SomosBayer04?src=hash\">#SomosBayer04<\/a> <a href=\"https:\/\/t.co\/iWbqcuorjt\">pic.twitter.com\/iWbqcuorjt<\/a><\/p>\n<p>\u2014 Bayer 04 Leverkusen (@bayer04_es) <a href=\"https:\/\/twitter.com\/bayer04_es\/status\/885183623917219841\">12 de julio de 2017<\/a><\/p><\/blockquote>\n<p><script async src=\"\/\/platform.twitter.com\/widgets.js\" charset=\"utf-8\"><\/script><\/p>\n<p style=\"text-align: center;\"><span style=\"color: #333399;\"><a style=\"color: #333399;\" href=\"https:\/\/www.futboltotal.com.mx\/2017\/07\/llego-al-psg-a-hacer-historia-ganar-la-champions-dani-alves\/\" target=\"_blank\" rel=\"noopener noreferrer\">VER M\u00c1S: Dani Alves quiere ganar la Championes League con el PSG<\/a><\/span><\/p>\n","protected":false},"excerpt":{"rendered":"<p>El cuadro alem\u00e1n dio a conocer a trav\u00e9s de sus redes sociales la indumentaria que utilizar\u00e1 en la temporada 2017-2018<\/p>\n","protected":false},"author":20,"featured_media":478842,"comment_status":"closed","ping_status":"closed","sticky":false,"template":"","format":"standard","meta":[],"categories":[3839],"tags":[4335,120,549],"_links":{"self":[{"href":"http:\/\/desarrollo.grupomedios.com\/futbol\/wp-json\/wp\/v2\/posts\/488003"}],"collection":[{"href":"http:\/\/desarrollo.grupomedios.com\/futbol\/wp-json\/wp\/v2\/posts"}],"about":[{"href":"http:\/\/desarrollo.grupomedios.com\/futbol\/wp-json\/wp\/v2\/types\/post"}],"author":[{"embeddable":true,"href":"http:\/\/desarrollo.grupomedios.com\/futbol\/wp-json\/wp\/v2\/users\/20"}],"replies":[{"embeddable":true,"href":"http:\/\/desarrollo.grupomedios.com\/futbol\/wp-json\/wp\/v2\/comments?post=488003"}],"version-history":[{"count":1,"href":"http:\/\/desarrollo.grupomedios.com\/futbol\/wp-json\/wp\/v2\/posts\/488003\/revisions"}],"predecessor-version":[{"id":488006,"href":"http:\/\/desarrollo.grupomedios.com\/futbol\/wp-json\/wp\/v2\/posts\/488003\/revisions\/488006"}],"wp:featuredmedia":[{"embeddable":true,"href":"http:\/\/desarrollo.grupomedios.com\/futbol\/wp-json\/wp\/v2\/media\/478842"}],"wp:attachment":[{"href":"http:\/\/desarrollo.grupomedios.com\/futbol\/wp-json\/wp\/v2\/media?parent=488003"}],"wp:term":[{"taxonomy":"category","embeddable":true,"href":"http:\/\/desarrollo.grupomedios.com\/futbol\/wp-json\/wp\/v2\/categories?post=488003"},{"taxonomy":"post_tag","embeddable":true,"href":"http:\/\/desarrollo.grupomedios.com\/futbol\/wp-json\/wp\/v2\/tags?post=488003"}],"curies":[{"name":"wp","href":"https:\/\/api.w.org\/{rel}","templated":true}]}}