{"id":488016,"date":"2017-07-12T14:36:49","date_gmt":"2017-07-12T19:36:49","guid":{"rendered":"https:\/\/www.futboltotal.com.mx\/?p=488016"},"modified":"2017-07-12T14:37:09","modified_gmt":"2017-07-12T19:37:09","slug":"real-sociedad-oficializa-fichaje-adnan-januzaj","status":"publish","type":"post","link":"http:\/\/desarrollo.grupomedios.com\/futbol\/futbol-internacional\/real-sociedad-oficializa-fichaje-adnan-januzaj\/2017\/07","title":{"rendered":"Real Sociedad anuncia el fichaje de Adnan Januzaj"},"content":{"rendered":"<p>El mexicano <strong>Carlos Vela<\/strong> tendr\u00e1 nuevo compa\u00f1ero en la <strong>Real Sociedad<\/strong>, pues el club donostiarra ha anunciado el fichaje del jugador belga, <strong>Adnan Januzaj<\/strong> a partir de esta temporada.<\/p>\n<p>El ex jugador del Manchester United, quien la \u00faltima temporada estuvo a pr\u00e9stamo en el Sunderland, reci\u00e9n descendido en la Premier League, firm\u00f3 un contrato de cinco temporadas con el club txuri urdin.<\/p>\n<p>A trav\u00e9s de sus redes sociales, la <strong>Real Sociedad<\/strong> oficializ\u00f3 la llegada de Januzaj, quien ya se someti\u00f3 a pruebas m\u00e9dicas y ser\u00e1 presentado la ma\u00f1ana de este jueves.<\/p>\n<p style=\"text-align: center;\"><span style=\"color: #3366ff;\"><a style=\"color: #3366ff;\" href=\"https:\/\/www.futboltotal.com.mx\/2017\/07\/diego-reyes-podria-llegar-al-futbol-ruso\/\">VER M\u00c1S: \u00a1Diego Reyes podr\u00eda llegar al futbol ruso!<\/a><\/span><\/p>\n<blockquote class=\"twitter-tweet\" data-width=\"500\">\n<p lang=\"es\" dir=\"ltr\">COMUNICADO OFICIAL &#8211; La <a href=\"https:\/\/twitter.com\/hashtag\/RealSociedad?src=hash\">#RealSociedad<\/a> ficha a <a href=\"https:\/\/twitter.com\/adnanjanuzaj\">@adnanjanuzaj<\/a> \u2b07\ufe0f\u00a0<a href=\"https:\/\/t.co\/eQ13aHenbt\">https:\/\/t.co\/eQ13aHenbt<\/a><\/p>\n<p>&mdash; Real Sociedad F\u00fatbol (@RealSociedad) <a href=\"https:\/\/twitter.com\/RealSociedad\/status\/885215958251515904\">July 12, 2017<\/a><\/p><\/blockquote>\n<p><script async src=\"\/\/platform.twitter.com\/widgets.js\" charset=\"utf-8\"><\/script><\/p>\n<p>&#8220;La <strong>Real Sociedad<\/strong> y el Manchester United han llegado a un acuerdo para el traspaso del jugador <strong>Adnan Januzaj<\/strong> al club txuri urdin. Adnan Januzaj ya ha pasado reconocimiento m\u00e9dico y esta tarde ha firmado el contrato que le unir\u00e1 a la Real durante las pr\u00f3ximas cinco temporadas. El atacante belga ser\u00e1 presentado de forma oficial ma\u00f1ana a las 18:30 horas en Anoeta, por la ma\u00f1ana se incorporar\u00e1 a la pretemporada con sus nuevos compa\u00f1eros. <strong>Januzaj<\/strong> lucir\u00e1 el dorsal 8 en la el\u00e1stica txuri urdin&#8221;, se lee en el comunicado del club.<\/p>\n<p style=\"text-align: center;\"><span style=\"color: #3366ff;\"><a style=\"color: #3366ff;\" href=\"https:\/\/www.futboltotal.com.mx\/2017\/07\/matias-britos-esta-cerca-emigrar-al-futbol-arabe\/\">VER M\u00c1S: Mat\u00edas Britos est\u00e1 cerca de emigrar al futbol \u00e1rabe<\/a><\/span><\/p>\n","protected":false},"excerpt":{"rendered":"<p>El mexicano tendr\u00e1 nuevo compa\u00f1ero con los txuri urdin<\/p>\n","protected":false},"author":129,"featured_media":488022,"comment_status":"closed","ping_status":"closed","sticky":false,"template":"","format":"standard","meta":[],"categories":[3839,3844],"tags":[4494,6048,102],"_links":{"self":[{"href":"http:\/\/desarrollo.grupomedios.com\/futbol\/wp-json\/wp\/v2\/posts\/488016"}],"collection":[{"href":"http:\/\/desarrollo.grupomedios.com\/futbol\/wp-json\/wp\/v2\/posts"}],"about":[{"href":"http:\/\/desarrollo.grupomedios.com\/futbol\/wp-json\/wp\/v2\/types\/post"}],"author":[{"embeddable":true,"href":"http:\/\/desarrollo.grupomedios.com\/futbol\/wp-json\/wp\/v2\/users\/129"}],"replies":[{"embeddable":true,"href":"http:\/\/desarrollo.grupomedios.com\/futbol\/wp-json\/wp\/v2\/comments?post=488016"}],"version-history":[{"count":2,"href":"http:\/\/desarrollo.grupomedios.com\/futbol\/wp-json\/wp\/v2\/posts\/488016\/revisions"}],"predecessor-version":[{"id":488025,"href":"http:\/\/desarrollo.grupomedios.com\/futbol\/wp-json\/wp\/v2\/posts\/488016\/revisions\/488025"}],"wp:featuredmedia":[{"embeddable":true,"href":"http:\/\/desarrollo.grupomedios.com\/futbol\/wp-json\/wp\/v2\/media\/488022"}],"wp:attachment":[{"href":"http:\/\/desarrollo.grupomedios.com\/futbol\/wp-json\/wp\/v2\/media?parent=488016"}],"wp:term":[{"taxonomy":"category","embeddable":true,"href":"http:\/\/desarrollo.grupomedios.com\/futbol\/wp-json\/wp\/v2\/categories?post=488016"},{"taxonomy":"post_tag","embeddable":true,"href":"http:\/\/desarrollo.grupomedios.com\/futbol\/wp-json\/wp\/v2\/tags?post=488016"}],"curies":[{"name":"wp","href":"https:\/\/api.w.org\/{rel}","templated":true}]}}