{"id":488038,"date":"2017-07-12T16:16:45","date_gmt":"2017-07-12T21:16:45","guid":{"rendered":"https:\/\/www.futboltotal.com.mx\/?p=488038"},"modified":"2017-07-12T16:16:45","modified_gmt":"2017-07-12T21:16:45","slug":"america-registro-11-jugadores-menores-de-21-anios","status":"publish","type":"post","link":"http:\/\/desarrollo.grupomedios.com\/futbol\/futbol-mexicano\/america-registro-11-jugadores-menores-de-21-anios\/2017\/07","title":{"rendered":"Am\u00e9rica da voto de confianza a la cantera"},"content":{"rendered":"<p>El <a href=\"https:\/\/www.futboltotal.com.mx\/2017\/07\/america-perdio-invicto-en-pretemporada-ante-morelia\/\" target=\"_blank\" rel=\"noopener noreferrer\"><span style=\"color: #333399;\"><strong>Club Am\u00e9rica<\/strong><\/span><\/a> y <a href=\"https:\/\/www.futboltotal.com.mx\/2017\/07\/daly-marithe-la-modelo-desvela-al-piojo-herrera\/\" target=\"_blank\" rel=\"noopener noreferrer\"><span style=\"color: #333399;\"><strong>Miguel Herrera<\/strong><\/span><\/a> siguen apostando por la juventud y los nuevos talentos de la cantera para el <strong>Apertura 2017<\/strong>, por lo que registr\u00f3 a 11 jugadores menores de 21 a\u00f1os en el primer equipo.<\/p>\n<p style=\"text-align: center;\"><a href=\"https:\/\/www.futboltotal.com.mx\/2017\/07\/pachuca-se-quedaria-sin-jackson-martinez-para-el-apertura-2017\/\" target=\"_blank\" rel=\"noopener noreferrer\"><span style=\"color: #333399;\">VER M\u00c1S:\u00a0<\/span><span style=\"color: #333399;\">Jackson Mart\u00ednez no llegar\u00eda a Pachuca<\/span><\/a><\/p>\n<p>Entre los 11 jugadores registrados destacan <strong><a href=\"https:\/\/www.futboltotal.com.mx\/2017\/07\/diego-lainez-anota-primer-gol-america\/\" target=\"_blank\" rel=\"noopener noreferrer\"><span style=\"color: #333399;\">Diego Lainez<\/span><\/a>, <a href=\"https:\/\/www.futboltotal.com.mx\/2017\/07\/causa-efecto-edson-alvarez\/\" target=\"_blank\" rel=\"noopener noreferrer\"><span style=\"color: #333399;\">\u00c9dson \u00c1lvarez<\/span><\/a>, <a href=\"https:\/\/www.futboltotal.com.mx\/2016\/04\/wero-diaz-victima-del-hoy-circula\/\" target=\"_blank\" rel=\"noopener noreferrer\"><span style=\"color: #333399;\">Alejandro D\u00edaz<\/span><\/a><\/strong> y<strong> Ricardo Mar\u00edn<\/strong>, a los que se suman <strong>Jonathan Le\u00f3n<\/strong> (Portero), <strong>Carlos Vargas<\/strong> (Defensa), <strong>Enrique Cedillo<\/strong> (Defensa), <strong>Carlos Rosel<\/strong> (Medio), <strong>Cristian Paredes<\/strong> (Medio), <strong>Gerson Torres<\/strong> (Medio) y <strong>Luis Amador<\/strong> (Medio).<\/p>\n<p style=\"text-align: center;\"><a href=\"https:\/\/www.futboltotal.com.mx\/2017\/07\/filtran-playera-visitante-de-chivas\/\" target=\"_blank\" rel=\"noopener noreferrer\"><span style=\"color: #333399;\">VER M\u00c1S:\u00a0<\/span><span style=\"color: #333399;\">Madrugan a Chivas y filtran su uniforme de visita<\/span><\/a><\/p>\n<p>De igual forma, el conjunto azulcrema revel\u00f3 los dorsales que utilizar\u00e1n los juveniles,<strong> Carlos Vargas<\/strong> portar\u00e1 el 2 que dej\u00f3 vacante <a href=\"https:\/\/www.futboltotal.com.mx\/2017\/07\/goltz-se-despidio-del-club-america-con-emotivo-mensaje\/\" target=\"_blank\" rel=\"noopener noreferrer\"><span style=\"color: #333399;\"><strong>Paolo Goltz<\/strong><\/span><\/a>, mientras que <strong>La\u00ednez<\/strong> dejar\u00e1 de usar el 340 y cambiar\u00e1 al 34 y <strong>Mar\u00edn<\/strong> dejar\u00e1 el 297 por el 17.<\/p>\n<p style=\"text-align: center;\"><a href=\"https:\/\/www.futboltotal.com.mx\/2017\/07\/tigres-cambiara-de-formacion-tactica\/\" target=\"_blank\" rel=\"noopener noreferrer\"><span style=\"color: #333399;\">VER M\u00c1S:\u00a0<\/span><span style=\"color: #333399;\">Tigres cambia de formaci\u00f3n t\u00e1ctica para el Apertura 2017<\/span><\/a><\/p>\n<p><strong>\u00c9dson \u00c1lvarez<\/strong> ocupar\u00e1 el 4 de <strong>Erick Pimentel<\/strong>, quien se fue cedido al<strong> Puebla<\/strong>, <strong>Enrique Cedillo<\/strong> utilizar\u00e1 el 32, <strong>Luis Amador<\/strong> el 3, el \u2018G\u00fcero\u2019 <strong>D\u00edaz<\/strong> el 19 y el arquero de <strong>Luis Pineda<\/strong> llevar\u00e1 en la espalda el 13. Quedan vacantes el 8, 11, 21 y 23, este \u00faltimo era el dorsal que portaba <strong><a href=\"https:\/\/www.futboltotal.com.mx\/2017\/06\/confirman-llegada-moises-munoz-a-puebla\/\" target=\"_blank\" rel=\"noopener noreferrer\"><span style=\"color: #333399;\">Mois\u00e9s Mu\u00f1oz<\/span><\/a>.<\/strong><\/p>\n","protected":false},"excerpt":{"rendered":"<p>Am\u00e9rica da voto de confianza a la cantera<\/p>\n","protected":false},"author":20,"featured_media":488039,"comment_status":"closed","ping_status":"closed","sticky":false,"template":"","format":"standard","meta":[],"categories":[2198,3845],"tags":[4542,5959,7937,1774,8300,7939,9356,6991,9303],"_links":{"self":[{"href":"http:\/\/desarrollo.grupomedios.com\/futbol\/wp-json\/wp\/v2\/posts\/488038"}],"collection":[{"href":"http:\/\/desarrollo.grupomedios.com\/futbol\/wp-json\/wp\/v2\/posts"}],"about":[{"href":"http:\/\/desarrollo.grupomedios.com\/futbol\/wp-json\/wp\/v2\/types\/post"}],"author":[{"embeddable":true,"href":"http:\/\/desarrollo.grupomedios.com\/futbol\/wp-json\/wp\/v2\/users\/20"}],"replies":[{"embeddable":true,"href":"http:\/\/desarrollo.grupomedios.com\/futbol\/wp-json\/wp\/v2\/comments?post=488038"}],"version-history":[{"count":1,"href":"http:\/\/desarrollo.grupomedios.com\/futbol\/wp-json\/wp\/v2\/posts\/488038\/revisions"}],"predecessor-version":[{"id":488040,"href":"http:\/\/desarrollo.grupomedios.com\/futbol\/wp-json\/wp\/v2\/posts\/488038\/revisions\/488040"}],"wp:featuredmedia":[{"embeddable":true,"href":"http:\/\/desarrollo.grupomedios.com\/futbol\/wp-json\/wp\/v2\/media\/488039"}],"wp:attachment":[{"href":"http:\/\/desarrollo.grupomedios.com\/futbol\/wp-json\/wp\/v2\/media?parent=488038"}],"wp:term":[{"taxonomy":"category","embeddable":true,"href":"http:\/\/desarrollo.grupomedios.com\/futbol\/wp-json\/wp\/v2\/categories?post=488038"},{"taxonomy":"post_tag","embeddable":true,"href":"http:\/\/desarrollo.grupomedios.com\/futbol\/wp-json\/wp\/v2\/tags?post=488038"}],"curies":[{"name":"wp","href":"https:\/\/api.w.org\/{rel}","templated":true}]}}