{"id":488048,"date":"2017-07-12T17:15:08","date_gmt":"2017-07-12T22:15:08","guid":{"rendered":"https:\/\/www.futboltotal.com.mx\/?p=488048"},"modified":"2017-07-12T20:27:52","modified_gmt":"2017-07-13T01:27:52","slug":"tecatito-termino-con-los-rumores-sobre-salida-copa-confederaciones","status":"publish","type":"post","link":"http:\/\/desarrollo.grupomedios.com\/futbol\/destacado-home\/tecatito-termino-con-los-rumores-sobre-salida-copa-confederaciones\/2017\/07","title":{"rendered":"Tecatito aclar\u00f3 por qu\u00e9 dejo a M\u00e9xico en Confederaciones"},"content":{"rendered":"<p><a href=\"https:\/\/www.futboltotal.com.mx\/2017\/07\/gol-del-tecatito-corona-porto-golea-al-rio-ave-en-amistoso\/\" target=\"_blank\" rel=\"noopener noreferrer\"><span style=\"color: #333399;\"><strong>Jes\u00fas Corona<\/strong><\/span><\/a>, jugador del<a href=\"https:\/\/www.futboltotal.com.mx\/2017\/07\/porto-confirma-jugaran-en-mexico\/\" target=\"_blank\" rel=\"noopener noreferrer\"><span style=\"color: #333399;\"><strong> Porto<\/strong><\/span><\/a> de <strong>Portugal<\/strong>, se encuentra con los <em>Dragones<\/em> realizando pretemporada previo a su viaje a <strong>M\u00e9xico<\/strong> para encarar los duelos ante<span style=\"color: #333399;\"><a style=\"color: #333399;\" href=\"https:\/\/www.futboltotal.com.mx\/2017\/07\/almeyda-le-abre-la-puerta-a-chicharito-regrese-a-chivas\/\" target=\"_blank\" rel=\"noopener noreferrer\"><strong> Chivas<\/strong> <\/a><\/span>y<span style=\"color: #333399;\"><a style=\"color: #333399;\" href=\"https:\/\/www.futboltotal.com.mx\/2017\/07\/cuadro-titular-cruz-azul-cayo-en-amistoso-necaxa\/\" target=\"_blank\" rel=\"noopener noreferrer\"> <strong>Cruz Azul<\/strong><\/a><\/span> por la <strong>Copa Tecate.<\/strong><\/p>\n<p style=\"text-align: center;\"><a href=\"https:\/\/www.futboltotal.com.mx\/2017\/07\/santos-exporta-a-uno-sus-canteranos\/\" target=\"_blank\" rel=\"noopener noreferrer\"><span style=\"color: #333399;\">VER M\u00c1S:\u00a0<\/span><span style=\"color: #333399;\">Santos exporta a uno de sus canteranos<\/span><\/a><\/p>\n<p>El mexicano volvi\u00f3 a la actividad tras haber abandonado la concentraci\u00f3n de la <a href=\"https:\/\/www.futboltotal.com.mx\/2017\/07\/mexico-vence-a-el-salvador-en-su-debut-en-copa-oro\/\" target=\"_blank\" rel=\"noopener noreferrer\"><span style=\"color: #333399;\"><strong>Selecci\u00f3n Mexicana<\/strong><\/span><\/a> en la pasada <a href=\"https:\/\/www.futboltotal.com.mx\/2017\/07\/infantino-no-descarta-que-desaparezca-la-confederaciones\/\" target=\"_blank\" rel=\"noopener noreferrer\"><span style=\"color: #333399;\"><strong>Copa Confederaciones<\/strong><\/span><\/a>, debido a problemas personales, mismos que parecen haber quedado resueltos.<\/p>\n<blockquote><p>\u201cEstoy listo, no es nada con M\u00e9xico, con mi selecci\u00f3n, ni compa\u00f1eros, estoy al cien por ciento con ellos, por la lucha y por los objetivos, lo que pas\u00f3 en la Confederaciones lo sigo pensando y me pongo triste, pero de verdad no pod\u00eda estar ah\u00ed, pero para lo que venga estoy dispuesto\u201d.<\/p><\/blockquote>\n<p style=\"text-align: center;\"><a href=\"https:\/\/www.futboltotal.com.mx\/2017\/07\/america-registro-11-jugadores-menores-de-21-anios\/\" target=\"_blank\" rel=\"noopener noreferrer\"><span style=\"color: #333399;\">VER M\u00c1S:\u00a0<\/span><span style=\"color: #333399;\">Am\u00e9rica da voto de confianza a la cantera<\/span><\/a><\/p>\n<p>\u2018Tecatito\u2019 <strong>Corona<\/strong> explic\u00f3 que la raz\u00f3n de su ausencia se temas familiares aunque no entr\u00f3 en detalles, as\u00ed mismo, lamento todos los rumores que surgieron en torno a su salida del <em>Tricolor<\/em>, en entrevista con Radio Marca.<\/p>\n<blockquote><p>\u201cFue por un tema familiar y lo he dicho a qui\u00e9n me lo ha preguntado, y es algo que no voy a decir. Quien lo quiera respetar que lo respete, quien no ya lo hemos visto, est\u00e1n diciendo puras cosas que sobrepasan el l\u00edmite y deber\u00edan disculparse, pero si no lo hacen me da igual\u201d.<\/p><\/blockquote>\n<p style=\"text-align: center;\"><a href=\"https:\/\/www.futboltotal.com.mx\/2017\/07\/almeyda-le-abre-la-puerta-a-chicharito-regrese-a-chivas\/\" target=\"_blank\" rel=\"noopener noreferrer\"><span style=\"color: #333399;\">VER M\u00c1S:\u00a0<\/span><span style=\"color: #333399;\">Almeyda le abre la puerta a Chicharito para que regrese a Chivas<\/span><\/a><\/p>\n<p>El jugador oriundo de <strong>Hermosillo, Sonora<\/strong> dijo estar agradecido por la forma en c\u00f3mo lo tomaron sus compa\u00f1eros y el cuerpo t\u00e9cnico del <em>Tri.<\/em><\/p>\n<blockquote><p>\u201cLa verdad que el profe Osorio y mis compa\u00f1eros, adem\u00e1s de grandes profesionales, son muy buenas personas y les agradezco por como lo tomaron y me dijeron: \u2018si es algo persona, algo familiar, estamos contigo\u2019. Esas fueron sus palabras y ese respaldo me ayud\u00f3 para que yo caminara hacia donde iba, para yo poder dormir y continuar mi vida\u201d.<\/p><\/blockquote>\n<p style=\"text-align: center;\"><a href=\"https:\/\/www.futboltotal.com.mx\/2017\/07\/pachuca-se-quedaria-sin-jackson-martinez-para-el-apertura-2017\/\" target=\"_blank\" rel=\"noopener noreferrer\"><span style=\"color: #333399;\">VER M\u00c1S:\u00a0<\/span><span style=\"color: #333399;\">Jackson Mart\u00ednez no llegar\u00eda a Pachuca<\/span><\/a><\/p>\n<p>Por \u00faltimo, el jugador del conjunto lusitano dijo estar abierto para volver a la selecci\u00f3n y ponerse a la disposici\u00f3n del t\u00e9cnico<a href=\"https:\/\/www.futboltotal.com.mx\/2017\/07\/juan-carlos-osorio-pidio-a-los-jugadores-del-tri-ir-a-la-mls\/\" target=\"_blank\" rel=\"noopener noreferrer\"><span style=\"color: #333399;\"><strong> Juan Carlos Osorio.<\/strong><\/span><\/a><\/p>\n","protected":false},"excerpt":{"rendered":"<p>&#8216;Tecatito&#8217; acab\u00f3 con los rumores sobre su salida del Tri en Confederaciones<\/p>\n","protected":false},"author":20,"featured_media":482918,"comment_status":"closed","ping_status":"closed","sticky":false,"template":"","format":"standard","meta":[],"categories":[5,3839,2198,6718,3847],"tags":[1580,8982,9360,6196,65,1208,3985],"_links":{"self":[{"href":"http:\/\/desarrollo.grupomedios.com\/futbol\/wp-json\/wp\/v2\/posts\/488048"}],"collection":[{"href":"http:\/\/desarrollo.grupomedios.com\/futbol\/wp-json\/wp\/v2\/posts"}],"about":[{"href":"http:\/\/desarrollo.grupomedios.com\/futbol\/wp-json\/wp\/v2\/types\/post"}],"author":[{"embeddable":true,"href":"http:\/\/desarrollo.grupomedios.com\/futbol\/wp-json\/wp\/v2\/users\/20"}],"replies":[{"embeddable":true,"href":"http:\/\/desarrollo.grupomedios.com\/futbol\/wp-json\/wp\/v2\/comments?post=488048"}],"version-history":[{"count":2,"href":"http:\/\/desarrollo.grupomedios.com\/futbol\/wp-json\/wp\/v2\/posts\/488048\/revisions"}],"predecessor-version":[{"id":488060,"href":"http:\/\/desarrollo.grupomedios.com\/futbol\/wp-json\/wp\/v2\/posts\/488048\/revisions\/488060"}],"wp:featuredmedia":[{"embeddable":true,"href":"http:\/\/desarrollo.grupomedios.com\/futbol\/wp-json\/wp\/v2\/media\/482918"}],"wp:attachment":[{"href":"http:\/\/desarrollo.grupomedios.com\/futbol\/wp-json\/wp\/v2\/media?parent=488048"}],"wp:term":[{"taxonomy":"category","embeddable":true,"href":"http:\/\/desarrollo.grupomedios.com\/futbol\/wp-json\/wp\/v2\/categories?post=488048"},{"taxonomy":"post_tag","embeddable":true,"href":"http:\/\/desarrollo.grupomedios.com\/futbol\/wp-json\/wp\/v2\/tags?post=488048"}],"curies":[{"name":"wp","href":"https:\/\/api.w.org\/{rel}","templated":true}]}}