{"id":488068,"date":"2017-07-12T18:40:05","date_gmt":"2017-07-12T23:40:05","guid":{"rendered":"https:\/\/www.futboltotal.com.mx\/?p=488068"},"modified":"2017-07-12T20:17:09","modified_gmt":"2017-07-13T01:17:09","slug":"patrik-schick-no-pasa-examenes-medicos-con-la-juventus","status":"publish","type":"post","link":"http:\/\/desarrollo.grupomedios.com\/futbol\/futbol-internacional\/patrik-schick-no-pasa-examenes-medicos-con-la-juventus\/2017\/07","title":{"rendered":"El nuevo Zlatan no pasa los ex\u00e1menes m\u00e9dicos con la Juve"},"content":{"rendered":"<p><a href=\"https:\/\/www.futboltotal.com.mx\/2017\/06\/juventus-pagara-a-la-sampdoria-la-clausula-de-patrik-schick\/\" target=\"_blank\" rel=\"noopener noreferrer\"><span style=\"color: #333399;\"><strong>Patrik Schick<\/strong><\/span><\/a>, quien es comparado con el delantero sueco <a href=\"https:\/\/www.futboltotal.com.mx\/2017\/07\/zlatan-ibrahimovic-podria-volver-al-manchester-united\/\" target=\"_blank\" rel=\"noopener noreferrer\"><span style=\"color: #333399;\"><strong>Zlatan Ibrahimovic<\/strong><\/span><\/a>, podr\u00eda no llegar a la<a href=\"https:\/\/www.futboltotal.com.mx\/2017\/07\/juventus-habria-despreciado-jugar-tres-equipos-mexicanos\/\" target=\"_blank\" rel=\"noopener noreferrer\"><span style=\"color: #333399;\"> <strong>Juventus<\/strong> <\/span><\/a>como se adelant\u00f3 en junio pasado y podr\u00eda quedarse en la <a href=\"https:\/\/www.futboltotal.com.mx\/2016\/01\/sampdoria-roba-fichaje-al-america\/\" target=\"_blank\" rel=\"noopener noreferrer\"><span style=\"color: #333399;\"><strong>Sampdoria<\/strong><\/span><\/a>, tras no haber superado los ex\u00e1menes m\u00e9dicos con la <em>Vecchia Signora dil Calcio.<\/em><\/p>\n<p style=\"text-align: center;\"><a style=\"color: #333399;\" href=\"https:\/\/www.futboltotal.com.mx\/2017\/07\/juan-carlos-osorio-logra-vengarse-comentaristas\/\" target=\"_blank\" rel=\"noopener noreferrer\">VER M\u00c1S:\u00a0Juan Carlos Osorio logra \u2018vengarse\u2019 de comentaristas<\/a><\/p>\n<p>Durante las pruebas m\u00e9dicas y f\u00edsicas la <em>Juve<\/em> le habr\u00eda detectado un problema cardiaco, raz\u00f3n por la cual no har\u00edan valida la compra y le habr\u00edan solicitado al conjunto italiano la cesi\u00f3n del jugador.<\/p>\n<p style=\"text-align: center;\"><a href=\"https:\/\/www.futboltotal.com.mx\/2017\/07\/tecatito-termino-con-los-rumores-sobre-saluda-copa-confederaciones\/\" target=\"_blank\" rel=\"noopener noreferrer\"><span style=\"color: #333399;\">VER M\u00c1S:\u00a0<\/span><span style=\"color: #333399;\">Tecatito aclar\u00f3 por qu\u00e9 dejo a M\u00e9xico en Confederaciones<\/span><\/a><\/p>\n<p>Pese a que la llegada del checo ya era un hecho, el equipo de <a href=\"https:\/\/www.futboltotal.com.mx\/2016\/03\/allegri-como-sustituto-de-zidane-en-real-madrid-en-caso-de-fracaso\/\" target=\"_blank\" rel=\"noopener noreferrer\"><span style=\"color: #333399;\"><strong>Massimiliano Allegri<\/strong> <\/span><\/a>no habr\u00eda depositado los 30 millones de euros pactados en la operaci\u00f3n a ra\u00edz de los problemas detectados en las pruebas m\u00e9dicas.<\/p>\n<p style=\"text-align: center;\"><a href=\"https:\/\/www.futboltotal.com.mx\/2017\/07\/santos-exporta-a-uno-sus-canteranos\/\" target=\"_blank\" rel=\"noopener noreferrer\"><span style=\"color: #333399;\">VER M\u00c1S:\u00a0<\/span><span style=\"color: #333399;\">Santos exporta a uno de sus canteranos<\/span><\/a><\/p>\n","protected":false},"excerpt":{"rendered":"<p>El joven futbolista ya no podr\u00e1 integrarse con la Vecchi Signora.<\/p>\n","protected":false},"author":20,"featured_media":488078,"comment_status":"closed","ping_status":"closed","sticky":false,"template":"","format":"standard","meta":[],"categories":[7740,3839,3848],"tags":[5999,960,8777,452],"_links":{"self":[{"href":"http:\/\/desarrollo.grupomedios.com\/futbol\/wp-json\/wp\/v2\/posts\/488068"}],"collection":[{"href":"http:\/\/desarrollo.grupomedios.com\/futbol\/wp-json\/wp\/v2\/posts"}],"about":[{"href":"http:\/\/desarrollo.grupomedios.com\/futbol\/wp-json\/wp\/v2\/types\/post"}],"author":[{"embeddable":true,"href":"http:\/\/desarrollo.grupomedios.com\/futbol\/wp-json\/wp\/v2\/users\/20"}],"replies":[{"embeddable":true,"href":"http:\/\/desarrollo.grupomedios.com\/futbol\/wp-json\/wp\/v2\/comments?post=488068"}],"version-history":[{"count":2,"href":"http:\/\/desarrollo.grupomedios.com\/futbol\/wp-json\/wp\/v2\/posts\/488068\/revisions"}],"predecessor-version":[{"id":488099,"href":"http:\/\/desarrollo.grupomedios.com\/futbol\/wp-json\/wp\/v2\/posts\/488068\/revisions\/488099"}],"wp:featuredmedia":[{"embeddable":true,"href":"http:\/\/desarrollo.grupomedios.com\/futbol\/wp-json\/wp\/v2\/media\/488078"}],"wp:attachment":[{"href":"http:\/\/desarrollo.grupomedios.com\/futbol\/wp-json\/wp\/v2\/media?parent=488068"}],"wp:term":[{"taxonomy":"category","embeddable":true,"href":"http:\/\/desarrollo.grupomedios.com\/futbol\/wp-json\/wp\/v2\/categories?post=488068"},{"taxonomy":"post_tag","embeddable":true,"href":"http:\/\/desarrollo.grupomedios.com\/futbol\/wp-json\/wp\/v2\/tags?post=488068"}],"curies":[{"name":"wp","href":"https:\/\/api.w.org\/{rel}","templated":true}]}}