{"id":488082,"date":"2017-07-12T19:05:16","date_gmt":"2017-07-13T00:05:16","guid":{"rendered":"https:\/\/www.futboltotal.com.mx\/?p=488082"},"modified":"2017-07-12T19:05:16","modified_gmt":"2017-07-13T00:05:16","slug":"violencia-entre-aficionados-al-futbol-deja-un-muerto-en-colombia","status":"publish","type":"post","link":"http:\/\/desarrollo.grupomedios.com\/futbol\/futbol-internacional\/violencia-entre-aficionados-al-futbol-deja-un-muerto-en-colombia\/2017\/07","title":{"rendered":"Violencia deja un muerto entre aficionado en Colombia"},"content":{"rendered":"<p>La violencia sigue siendo una constante en el futbol, ahora toc\u00f3 el turno en <a href=\"https:\/\/www.futboltotal.com.mx\/2017\/06\/james-rodriguez-llega-a-colombia-funeral-abuelo\/\" target=\"_blank\" rel=\"noopener noreferrer\"><span style=\"color: #333399;\"><strong>Colombia<\/strong><\/span><\/a>, donde un aficionado de <strong>Millonarios<\/strong> muri\u00f3 en <strong>Bogot\u00e1<\/strong> la noche del martes tras ser atacado por tres sujetos que portaban la camiseta de <a href=\"https:\/\/www.futboltotal.com.mx\/2017\/07\/presidente-atletico-nacional-quiere-soltar-a-refuerzo-america\/\" target=\"_blank\" rel=\"noopener noreferrer\"><span style=\"color: #333399;\"><strong>Atl\u00e9tico Nacional<\/strong><\/span><\/a> de <strong>Medell\u00edn<\/strong>, equipos que protagonizan el cl\u00e1sico cafetalero.<\/p>\n<p style=\"text-align: center;\"><a href=\"https:\/\/www.futboltotal.com.mx\/2017\/07\/patrik-schick-no-pasa-examenes-medicos-con-la-juventus\/\" target=\"_blank\" rel=\"noopener noreferrer\"><span style=\"color: #333399;\">VER M\u00c1S:\u00a0<\/span><span style=\"color: #333399;\">El nuevo Zlatan no pasa los ex\u00e1menes m\u00e9dicos con la Juve<\/span><\/a><\/p>\n<p>De acuerdo con la prensa colombiana, la v\u00edctima fue apu\u00f1alada por su afici\u00f3n al conjunto <em>Embajador<\/em>, al tiempo de asegurar que en la zona donde se suscit\u00f3 el hecho confluyen barras de distintos equipos colombianos, hecho que hace frecuentes los enfrentamientos entre aficionados al futbol.<\/p>\n<p>\u201cUn hecho que enluta a una familia bogotana, donde unas personas al parecer pertenecientes a barras futboleras agreden supuestamente a otra persona\u201d.<\/p>\n<p style=\"text-align: center;\"><a href=\"https:\/\/www.futboltotal.com.mx\/2017\/07\/te-acuerdas-la-epica-remontada-del-tri-a-eu-en-la-final-2011\/\" target=\"_blank\" rel=\"noopener noreferrer\"><span style=\"color: #333399;\">VER M\u00c1S:\u00a0<\/span><span style=\"color: #333399;\">\u00bfTe acuerdas de\u2026 La \u00e9pica remontada del TRI a EU en 2011?<\/span><\/a><\/p>\n<p>En <strong>Colombia<\/strong> se registraron 1,173 asesinatos en 2016 relacionados con actividades culturales y deportivas, de los cuales 1,097 fueron v\u00edctimas del sexo masculino y 76 del sexo femenino.<\/p>\n","protected":false},"excerpt":{"rendered":"<p>Lamentable que la violencia empa\u00f1e el futbol<\/p>\n","protected":false},"author":20,"featured_media":488084,"comment_status":"closed","ping_status":"closed","sticky":false,"template":"","format":"standard","meta":[],"categories":[5419,3839],"tags":[2075,6005,166],"_links":{"self":[{"href":"http:\/\/desarrollo.grupomedios.com\/futbol\/wp-json\/wp\/v2\/posts\/488082"}],"collection":[{"href":"http:\/\/desarrollo.grupomedios.com\/futbol\/wp-json\/wp\/v2\/posts"}],"about":[{"href":"http:\/\/desarrollo.grupomedios.com\/futbol\/wp-json\/wp\/v2\/types\/post"}],"author":[{"embeddable":true,"href":"http:\/\/desarrollo.grupomedios.com\/futbol\/wp-json\/wp\/v2\/users\/20"}],"replies":[{"embeddable":true,"href":"http:\/\/desarrollo.grupomedios.com\/futbol\/wp-json\/wp\/v2\/comments?post=488082"}],"version-history":[{"count":1,"href":"http:\/\/desarrollo.grupomedios.com\/futbol\/wp-json\/wp\/v2\/posts\/488082\/revisions"}],"predecessor-version":[{"id":488085,"href":"http:\/\/desarrollo.grupomedios.com\/futbol\/wp-json\/wp\/v2\/posts\/488082\/revisions\/488085"}],"wp:featuredmedia":[{"embeddable":true,"href":"http:\/\/desarrollo.grupomedios.com\/futbol\/wp-json\/wp\/v2\/media\/488084"}],"wp:attachment":[{"href":"http:\/\/desarrollo.grupomedios.com\/futbol\/wp-json\/wp\/v2\/media?parent=488082"}],"wp:term":[{"taxonomy":"category","embeddable":true,"href":"http:\/\/desarrollo.grupomedios.com\/futbol\/wp-json\/wp\/v2\/categories?post=488082"},{"taxonomy":"post_tag","embeddable":true,"href":"http:\/\/desarrollo.grupomedios.com\/futbol\/wp-json\/wp\/v2\/tags?post=488082"}],"curies":[{"name":"wp","href":"https:\/\/api.w.org\/{rel}","templated":true}]}}