{"id":488086,"date":"2017-07-12T19:33:39","date_gmt":"2017-07-13T00:33:39","guid":{"rendered":"https:\/\/www.futboltotal.com.mx\/?p=488086"},"modified":"2017-07-12T19:33:39","modified_gmt":"2017-07-13T00:33:39","slug":"liga-mx-buscara-erradicar-el-grito-homofobico","status":"publish","type":"post","link":"http:\/\/desarrollo.grupomedios.com\/futbol\/destacado-home\/liga-mx-buscara-erradicar-el-grito-homofobico\/2017\/07","title":{"rendered":"NO m\u00e1s &#8220;Eh pu&#8230;&#8221; en la Liga MX advierte la FMF"},"content":{"rendered":"<p>Luego de que<a href=\"https:\/\/www.futboltotal.com.mx\/2017\/07\/fifa-le-deja-a-concacaf-la-responsabilidad-del-grito-homofobico\/\" target=\"_blank\" rel=\"noopener noreferrer\"><span style=\"color: #333399;\"><strong> FIFA<\/strong><\/span><\/a> fuera claro y contundente con la<a href=\"https:\/\/www.futboltotal.com.mx\/2017\/07\/mexico-vence-a-el-salvador-en-su-debut-en-copa-oro\/\" target=\"_blank\" rel=\"noopener noreferrer\"><span style=\"color: #333399;\"><strong> Selecci\u00f3n Mexicana<\/strong><\/span><\/a> y con la <strong>FMF<\/strong> respecto a que no permitir\u00e1 m\u00e1s el grito de \u201cEh pu\u2026\u201d, tal como lo demostr\u00f3 en la pasada <a href=\"https:\/\/www.futboltotal.com.mx\/2017\/07\/marco-fabian-dedico-a-mexico-el-mejor-gol-de-confederaciones\/\" target=\"_blank\" rel=\"noopener noreferrer\"><span style=\"color: #333399;\"><strong>Copa Confederaciones.<\/strong><\/span><\/a><\/p>\n<p>La <a href=\"https:\/\/www.futboltotal.com.mx\/2017\/07\/fmf-recuerda-a-los-suspendidos-inicio-del-apertura-2017\/\" target=\"_blank\" rel=\"noopener noreferrer\"><span style=\"color: #333399;\"><strong>Federaci\u00f3n Mexicana de Futbol<\/strong><\/span><\/a> buscar\u00e1 erradicar de los estadios de la <a href=\"https:\/\/www.futboltotal.com.mx\/2017\/07\/liga-mx-actualiza-escudo-chivas\/\" target=\"_blank\" rel=\"noopener noreferrer\"><span style=\"color: #333399;\"><strong>Liga MX<\/strong> <\/span><\/a>el grito homof\u00f3bico durante el <strong>Apertura 2017<\/strong> con el <strong>Reglamento de Competencia 2017-2018<\/strong> estipulado en su art\u00edculo <strong>63<\/strong>.<\/p>\n<p style=\"text-align: center;\"><a href=\"https:\/\/www.futboltotal.com.mx\/2017\/07\/violencia-entre-aficionados-al-futbol-deja-un-muerto-en-colombia\/\" target=\"_blank\" rel=\"noopener noreferrer\"><span style=\"color: #333399;\">VER M\u00c1S:\u00a0<\/span><span style=\"color: #333399;\">Violencia deja un muerto entre aficionado en Colombia<\/span><\/a><\/p>\n<p>El \u00e1rbitro en primera instancia detendr\u00e1 el encuentro con se d\u00e9 cuenta, o el comisario le avise, que existen comportamientos de tipo racistas u homof\u00f3bicos, para reconvenir a los aficionados a trav\u00e9s del sonido local.<\/p>\n<p>En caso de que los actos persistan se detendr\u00e1 el partido por un tiempo de 5 y 10 minutos para que los aficionados moderen su comportamiento. Si despu\u00e9s de dos llamadas de atenci\u00f3n los aficionados siguen incurriendo en dicho comportamiento se suspender\u00e1 de forma definitiva el encuentro, para que los aficionados abandonen el inmueble y se reanude el encuentro.<\/p>\n<p style=\"text-align: center;\"><a href=\"https:\/\/www.futboltotal.com.mx\/2017\/07\/tigres-va-revancha-ante-chivas-torres-nilo\/\" target=\"_blank\" rel=\"noopener noreferrer\"><span style=\"color: #333399;\">VER M\u00c1S:\u00a0<\/span><span style=\"color: #333399;\">Tigres va por revancha ante Chivas: Torres Nilo<\/span><\/a><\/p>\n<p>En caso de que no se pueda reanudar el cotejo, la <strong>Presidencia Ejecutiva<\/strong> ser\u00e1 la encargada de determinar en qu\u00e9 momento se podr\u00e1 terminar el encuentro.<\/p>\n<p>Esto tambi\u00e9n aplicar\u00e1 para los encuentros de la <a href=\"https:\/\/www.futboltotal.com.mx\/2017\/06\/listo-calendario-apertura-2017-la-liga-mx-femenil\/\" target=\"_blank\" rel=\"noopener noreferrer\"><span style=\"color: #333399;\"><strong>Liga Femenil MX<\/strong><\/span><\/a>, los 18 equipos de la <strong>Liga MX<\/strong>, as\u00ed como \u00e1rbitros, comisarios y directivos ya est\u00e1n enterados de dichos cambios los cuales se llevar\u00e1n a cabo desde la <strong>Jornada 1<\/strong> del <strong>Apertura 2017.<\/strong><\/p>\n<p style=\"text-align: center;\"><a href=\"https:\/\/www.futboltotal.com.mx\/2017\/07\/patrik-schick-no-pasa-examenes-medicos-con-la-juventus\/\" target=\"_blank\" rel=\"noopener noreferrer\"><span style=\"color: #333399;\">VER M\u00c1S:\u00a0<\/span><span style=\"color: #333399;\">El nuevo Zlatan no pasa los ex\u00e1menes m\u00e9dicos con la Juve<\/span><\/a><\/p>\n","protected":false},"excerpt":{"rendered":"<p>\u00a1Ya basta! Cero tolerancia de la FMF contra grito homof\u00f3bico<\/p>\n","protected":false},"author":20,"featured_media":487831,"comment_status":"closed","ping_status":"closed","sticky":false,"template":"","format":"standard","meta":[],"categories":[5419,5,2198,3845],"tags":[8357,1580,4182,361,223,8026,64,9362],"_links":{"self":[{"href":"http:\/\/desarrollo.grupomedios.com\/futbol\/wp-json\/wp\/v2\/posts\/488086"}],"collection":[{"href":"http:\/\/desarrollo.grupomedios.com\/futbol\/wp-json\/wp\/v2\/posts"}],"about":[{"href":"http:\/\/desarrollo.grupomedios.com\/futbol\/wp-json\/wp\/v2\/types\/post"}],"author":[{"embeddable":true,"href":"http:\/\/desarrollo.grupomedios.com\/futbol\/wp-json\/wp\/v2\/users\/20"}],"replies":[{"embeddable":true,"href":"http:\/\/desarrollo.grupomedios.com\/futbol\/wp-json\/wp\/v2\/comments?post=488086"}],"version-history":[{"count":1,"href":"http:\/\/desarrollo.grupomedios.com\/futbol\/wp-json\/wp\/v2\/posts\/488086\/revisions"}],"predecessor-version":[{"id":488087,"href":"http:\/\/desarrollo.grupomedios.com\/futbol\/wp-json\/wp\/v2\/posts\/488086\/revisions\/488087"}],"wp:featuredmedia":[{"embeddable":true,"href":"http:\/\/desarrollo.grupomedios.com\/futbol\/wp-json\/wp\/v2\/media\/487831"}],"wp:attachment":[{"href":"http:\/\/desarrollo.grupomedios.com\/futbol\/wp-json\/wp\/v2\/media?parent=488086"}],"wp:term":[{"taxonomy":"category","embeddable":true,"href":"http:\/\/desarrollo.grupomedios.com\/futbol\/wp-json\/wp\/v2\/categories?post=488086"},{"taxonomy":"post_tag","embeddable":true,"href":"http:\/\/desarrollo.grupomedios.com\/futbol\/wp-json\/wp\/v2\/tags?post=488086"}],"curies":[{"name":"wp","href":"https:\/\/api.w.org\/{rel}","templated":true}]}}