{"id":488153,"date":"2017-07-13T09:23:09","date_gmt":"2017-07-13T14:23:09","guid":{"rendered":"https:\/\/www.futboltotal.com.mx\/?p=488153"},"modified":"2017-07-13T09:23:09","modified_gmt":"2017-07-13T14:23:09","slug":"leon-presenta-nuevo-uniforme-apertura-2017","status":"publish","type":"post","link":"http:\/\/desarrollo.grupomedios.com\/futbol\/futbol-mexicano\/leon-presenta-nuevo-uniforme-apertura-2017\/2017\/07","title":{"rendered":"Le\u00f3n presenta su nuevo uniforme para el Apertura 2017"},"content":{"rendered":"<p>El <strong>Club Le\u00f3n<\/strong> present\u00f3 lo que ser\u00e1 su nuevo uniforme para el <strong>Apertura 2017<\/strong>, adem\u00e1s de la indumentaria que utilizar\u00e1n los arqueros de la escuadra esmeralda.<\/p>\n<p>En el <strong>uniforme de local<\/strong> mantienen el color en verde, solo las mangas ser\u00e1n en blanco; mientras que la camiseta de visitante ser\u00e1 toda en blanco y el patrocinador y marcas aparecer\u00e1n en plateado.<\/p>\n<p style=\"text-align: center;\"><span style=\"color: #333399;\"><a style=\"color: #333399;\" href=\"https:\/\/www.futboltotal.com.mx\/2017\/07\/matias-britos-deja-pumas-jugara-en-al-hilal-arabia-saudita\/\" target=\"_blank\" rel=\"noopener noreferrer\">VER M\u00c1S: Mat\u00edas Britos se va a Arabia Saudita<\/a><\/span><\/p>\n<p><a href=\"https:\/\/www.futboltotal.com.mx\/wp-content\/uploads\/2017\/07\/leon-local.jpg\"><img decoding=\"async\" loading=\"lazy\" class=\"alignnone size-full wp-image-488157\" src=\"https:\/\/www.futboltotal.com.mx\/wp-content\/uploads\/2017\/07\/leon-local.jpg\" alt=\"Le\u00f3n presenta su nuevo uniforme para el Apertura 2017 0\" srcset=\"http:\/\/desarrollo.grupomedios.com\/futbol\/wp-content\/uploads\/2017\/07\/leon-local.jpg 1200w, http:\/\/desarrollo.grupomedios.com\/futbol\/wp-content\/uploads\/2017\/07\/leon-local-300x200.jpg 300w, http:\/\/desarrollo.grupomedios.com\/futbol\/wp-content\/uploads\/2017\/07\/leon-local-768x511.jpg 768w, http:\/\/desarrollo.grupomedios.com\/futbol\/wp-content\/uploads\/2017\/07\/leon-local-1024x682.jpg 1024w\" sizes=\"(max-width: 1200px) 100vw, 1200px\" \/><\/a><\/p>\n<p><a href=\"https:\/\/www.futboltotal.com.mx\/wp-content\/uploads\/2017\/07\/leon-visitante.jpg\"><img decoding=\"async\" loading=\"lazy\" class=\"alignnone size-full wp-image-488158\" src=\"https:\/\/www.futboltotal.com.mx\/wp-content\/uploads\/2017\/07\/leon-visitante.jpg\" alt=\"Le\u00f3n presenta su nuevo uniforme para el Apertura 2017 1\" srcset=\"http:\/\/desarrollo.grupomedios.com\/futbol\/wp-content\/uploads\/2017\/07\/leon-visitante.jpg 1200w, http:\/\/desarrollo.grupomedios.com\/futbol\/wp-content\/uploads\/2017\/07\/leon-visitante-300x200.jpg 300w, http:\/\/desarrollo.grupomedios.com\/futbol\/wp-content\/uploads\/2017\/07\/leon-visitante-768x512.jpg 768w, http:\/\/desarrollo.grupomedios.com\/futbol\/wp-content\/uploads\/2017\/07\/leon-visitante-1024x683.jpg 1024w\" sizes=\"(max-width: 1200px) 100vw, 1200px\" \/><\/a><\/p>\n<p>&nbsp;<\/p>\n<p>&nbsp;<\/p>\n<p style=\"text-align: center;\"><span style=\"color: #333399;\"><a style=\"color: #333399;\" href=\"https:\/\/www.futboltotal.com.mx\/2017\/07\/janelly-farias-la-jugadora-bella-del-tri\/\" target=\"_blank\" rel=\"noopener noreferrer\">VER M\u00c1S: Janelly Farias, la jugadora m\u00e1s bella del Tri<\/a><\/span><\/p>\n","protected":false},"excerpt":{"rendered":"<p>El equipo esmeralda dio a conocer la que ser\u00e1 su nueva piel para la pr\u00f3xima temporada Apertura 2017<\/p>\n","protected":false},"author":20,"featured_media":444403,"comment_status":"closed","ping_status":"closed","sticky":false,"template":"","format":"standard","meta":[],"categories":[2198,3845],"tags":[8357,5965,64],"_links":{"self":[{"href":"http:\/\/desarrollo.grupomedios.com\/futbol\/wp-json\/wp\/v2\/posts\/488153"}],"collection":[{"href":"http:\/\/desarrollo.grupomedios.com\/futbol\/wp-json\/wp\/v2\/posts"}],"about":[{"href":"http:\/\/desarrollo.grupomedios.com\/futbol\/wp-json\/wp\/v2\/types\/post"}],"author":[{"embeddable":true,"href":"http:\/\/desarrollo.grupomedios.com\/futbol\/wp-json\/wp\/v2\/users\/20"}],"replies":[{"embeddable":true,"href":"http:\/\/desarrollo.grupomedios.com\/futbol\/wp-json\/wp\/v2\/comments?post=488153"}],"version-history":[{"count":1,"href":"http:\/\/desarrollo.grupomedios.com\/futbol\/wp-json\/wp\/v2\/posts\/488153\/revisions"}],"predecessor-version":[{"id":488166,"href":"http:\/\/desarrollo.grupomedios.com\/futbol\/wp-json\/wp\/v2\/posts\/488153\/revisions\/488166"}],"wp:featuredmedia":[{"embeddable":true,"href":"http:\/\/desarrollo.grupomedios.com\/futbol\/wp-json\/wp\/v2\/media\/444403"}],"wp:attachment":[{"href":"http:\/\/desarrollo.grupomedios.com\/futbol\/wp-json\/wp\/v2\/media?parent=488153"}],"wp:term":[{"taxonomy":"category","embeddable":true,"href":"http:\/\/desarrollo.grupomedios.com\/futbol\/wp-json\/wp\/v2\/categories?post=488153"},{"taxonomy":"post_tag","embeddable":true,"href":"http:\/\/desarrollo.grupomedios.com\/futbol\/wp-json\/wp\/v2\/tags?post=488153"}],"curies":[{"name":"wp","href":"https:\/\/api.w.org\/{rel}","templated":true}]}}