{"id":488180,"date":"2017-07-13T10:59:59","date_gmt":"2017-07-13T15:59:59","guid":{"rendered":"https:\/\/www.futboltotal.com.mx\/?p=488180"},"modified":"2017-07-13T10:59:59","modified_gmt":"2017-07-13T15:59:59","slug":"antonio-mohamed-no-descarta-la-llegada-de-miguel-layun-a-rayados","status":"publish","type":"post","link":"http:\/\/desarrollo.grupomedios.com\/futbol\/videos\/antonio-mohamed-no-descarta-la-llegada-de-miguel-layun-a-rayados\/2017\/07","title":{"rendered":"Mohamed no descarta la llegada de Miguel Lay\u00fan a Rayados"},"content":{"rendered":"<p>El t\u00e9cnico de <strong>Rayados<\/strong>, <strong>Antonio Mohamed<\/strong>, confes\u00f3 que su equipo aun espera la llegada de un jugador y no descart\u00f3 que se siga buscando al mexicano <strong>Miguel Lay\u00fan<\/strong> para reforzar la banda izquierda de su equipo.<\/p>\n<p>Durante la <span style=\"color: #3366ff;\"><a style=\"color: #3366ff;\" href=\"https:\/\/www.futboltotal.com.mx\/2017\/07\/oficial-uniformes-visita-equipos-puma-en-liga-mx\/\" target=\"_blank\" rel=\"noopener noreferrer\">presentaci\u00f3n de los nuevos uniformes Puma<\/a>,<\/span> donde se conoci\u00f3 tambi\u00e9n el jersey visitante de su equipo, <strong>Mohamed<\/strong> habl\u00f3 con los medios de comunicaci\u00f3n y se dijo listo para el inicio del Apertura 2017.<\/p>\n<p>&#8220;Hicimos buena pretemporada e hicimos algunos cambios, pero el equipo est\u00e1 listo para iniciar. \u00a0Seguimos buscando un jugador m\u00e1s, que ocupe la posici\u00f3n de volante u ocupe la posici\u00f3n del lado izquierdo. Estamos buscando a <strong>Miguel Lay\u00fan<\/strong> pero si no se puede nos podemos quedar como estamos&#8221;, coment\u00f3.<\/p>\n<p style=\"text-align: center;\"><span style=\"color: #3366ff;\"><a style=\"color: #3366ff;\" href=\"https:\/\/www.futboltotal.com.mx\/2017\/07\/tigres-le-robara-a-america-fichaje-bomba\/\">VER M\u00c1S: Tigres le robar\u00eda al Am\u00e9rica su fichaje \u2018bomba\u2019<\/a><\/span><\/p>\n<p>[video_player]https:\/\/player.vimeo.com\/external\/225428901.hd.mp4?s=ff5d9f269eaf6942204f25cddfe9288cd4ea3807&amp;profile_id=174[\/video_player]<\/p>\n<p>El entrenador de <strong>Monterrey<\/strong> tambi\u00e9n habl\u00f3 del caso de Dorlan Pab\u00f3n <span style=\"color: #3366ff;\"><a style=\"color: #3366ff;\" href=\"https:\/\/www.futboltotal.com.mx\/2017\/07\/dorlan-pabon-boca-juniors-futbol-chino\/\" target=\"_blank\" rel=\"noopener noreferrer\">quien ha sido vinculado con el futbol chino<\/a><\/span> y asegur\u00f3 que &#8220;tiene entendido que se queda&#8221;, pero no descart\u00f3 posibilidad de que salga.<\/p>\n<p>&nbsp;<\/p>\n","protected":false},"excerpt":{"rendered":"<p>El t\u00e9cnico dio cerrado el caso de Walter Gargano.<\/p>\n","protected":false},"author":129,"featured_media":488184,"comment_status":"closed","ping_status":"closed","sticky":false,"template":"","format":"standard","meta":[],"categories":[2198,3845,4],"tags":[1587,1035,497],"_links":{"self":[{"href":"http:\/\/desarrollo.grupomedios.com\/futbol\/wp-json\/wp\/v2\/posts\/488180"}],"collection":[{"href":"http:\/\/desarrollo.grupomedios.com\/futbol\/wp-json\/wp\/v2\/posts"}],"about":[{"href":"http:\/\/desarrollo.grupomedios.com\/futbol\/wp-json\/wp\/v2\/types\/post"}],"author":[{"embeddable":true,"href":"http:\/\/desarrollo.grupomedios.com\/futbol\/wp-json\/wp\/v2\/users\/129"}],"replies":[{"embeddable":true,"href":"http:\/\/desarrollo.grupomedios.com\/futbol\/wp-json\/wp\/v2\/comments?post=488180"}],"version-history":[{"count":1,"href":"http:\/\/desarrollo.grupomedios.com\/futbol\/wp-json\/wp\/v2\/posts\/488180\/revisions"}],"predecessor-version":[{"id":488185,"href":"http:\/\/desarrollo.grupomedios.com\/futbol\/wp-json\/wp\/v2\/posts\/488180\/revisions\/488185"}],"wp:featuredmedia":[{"embeddable":true,"href":"http:\/\/desarrollo.grupomedios.com\/futbol\/wp-json\/wp\/v2\/media\/488184"}],"wp:attachment":[{"href":"http:\/\/desarrollo.grupomedios.com\/futbol\/wp-json\/wp\/v2\/media?parent=488180"}],"wp:term":[{"taxonomy":"category","embeddable":true,"href":"http:\/\/desarrollo.grupomedios.com\/futbol\/wp-json\/wp\/v2\/categories?post=488180"},{"taxonomy":"post_tag","embeddable":true,"href":"http:\/\/desarrollo.grupomedios.com\/futbol\/wp-json\/wp\/v2\/tags?post=488180"}],"curies":[{"name":"wp","href":"https:\/\/api.w.org\/{rel}","templated":true}]}}