{"id":488201,"date":"2017-07-13T12:39:38","date_gmt":"2017-07-13T17:39:38","guid":{"rendered":"https:\/\/www.futboltotal.com.mx\/?p=488201"},"modified":"2017-07-13T17:11:03","modified_gmt":"2017-07-13T22:11:03","slug":"a-dt-del-bayer-leverkusen-le-preocupa-chicharito-se-marche","status":"publish","type":"post","link":"http:\/\/desarrollo.grupomedios.com\/futbol\/futbol-internacional\/a-dt-del-bayer-leverkusen-le-preocupa-chicharito-se-marche\/2017\/07","title":{"rendered":"A DT del Bayer Leverkusen no le preocupa que Chicharito se marche"},"content":{"rendered":"<p>El futuro de <strong>Javier Chicharito Hern\u00e1ndez<\/strong> est\u00e1 en el aire, todav\u00eda no sabe d\u00f3nde jugar\u00e1, pues ha sonado para regresar a la <strong>Premier Legue<\/strong>, o bien podr\u00eda terminar su contrato con el <strong>Bayer Leverkusen<\/strong>.<\/p>\n<p>Por lo pronto,\u00a0<strong>Heiko Herrlich<\/strong>, director T\u00e9cnico del Leverkusen, indic\u00f3 que ning\u00fan futbolista es indispensable, por lo que no le preocupa una virtual partida del delantero mexicano.<\/p>\n<p style=\"text-align: center;\"><span style=\"color: #333399;\"><a style=\"color: #333399;\" href=\"https:\/\/www.futboltotal.com.mx\/2017\/07\/matias-britos-deja-pumas-jugara-en-al-hilal-arabia-saudita\/\" target=\"_blank\" rel=\"noopener noreferrer\">VER M\u00c1S: Mat\u00edas Britos se marcha a Arabia Saudita<\/a><\/span><\/p>\n<p>&#8220;Creo que \u00a0un club como el <strong>Bayer Leverkusen<\/strong> nunca debe dejar su identidad a la dependencia en un solo jugador. <strong>Chicharito<\/strong> ha dado buenas actuaciones en sus dos a\u00f1os aqu\u00ed, pero tambi\u00e9n lo han hecho otros. Solo puedes tener \u00e9xito como un equipo&#8221;, expres\u00f3 el estratega para la <strong>Bundesliga.<\/strong><\/p>\n<p>Por otro lado, dej\u00f3 entrever que no est\u00e1 convencido que <strong>Chicharito<\/strong> est\u00e9 cien por ciento comprometido con el equipo.<\/p>\n<p>&#8220;Tiene mucha calidad, pero \u00faltimamente es importante que los jugadores que tienes disponibles se identifiquen 100 por ciento con el club. Las cosas pronto estar\u00e1n claras&#8221;, finaliz\u00f3 el estratega.<\/p>\n<p style=\"text-align: center;\"><span style=\"color: #333399;\"><a style=\"color: #333399;\" href=\"https:\/\/www.futboltotal.com.mx\/2017\/07\/habra-anuncio-importante-pronto-sera-enorme-zlatan-ibrahimovic\/\" target=\"_blank\" rel=\"noopener noreferrer\">VER M\u00c1S: Zlatan Ibrahimovic revelar\u00e1 en breve su futuro<\/a><\/span><\/p>\n","protected":false},"excerpt":{"rendered":"<p>El director t\u00e9cnico del conjunto b\u00e1varo no le preocupa una virtual salida del delantero mexicano<\/p>\n","protected":false},"author":20,"featured_media":475248,"comment_status":"closed","ping_status":"closed","sticky":false,"template":"","format":"standard","meta":[],"categories":[3839],"tags":[4335,120,549],"_links":{"self":[{"href":"http:\/\/desarrollo.grupomedios.com\/futbol\/wp-json\/wp\/v2\/posts\/488201"}],"collection":[{"href":"http:\/\/desarrollo.grupomedios.com\/futbol\/wp-json\/wp\/v2\/posts"}],"about":[{"href":"http:\/\/desarrollo.grupomedios.com\/futbol\/wp-json\/wp\/v2\/types\/post"}],"author":[{"embeddable":true,"href":"http:\/\/desarrollo.grupomedios.com\/futbol\/wp-json\/wp\/v2\/users\/20"}],"replies":[{"embeddable":true,"href":"http:\/\/desarrollo.grupomedios.com\/futbol\/wp-json\/wp\/v2\/comments?post=488201"}],"version-history":[{"count":2,"href":"http:\/\/desarrollo.grupomedios.com\/futbol\/wp-json\/wp\/v2\/posts\/488201\/revisions"}],"predecessor-version":[{"id":488269,"href":"http:\/\/desarrollo.grupomedios.com\/futbol\/wp-json\/wp\/v2\/posts\/488201\/revisions\/488269"}],"wp:featuredmedia":[{"embeddable":true,"href":"http:\/\/desarrollo.grupomedios.com\/futbol\/wp-json\/wp\/v2\/media\/475248"}],"wp:attachment":[{"href":"http:\/\/desarrollo.grupomedios.com\/futbol\/wp-json\/wp\/v2\/media?parent=488201"}],"wp:term":[{"taxonomy":"category","embeddable":true,"href":"http:\/\/desarrollo.grupomedios.com\/futbol\/wp-json\/wp\/v2\/categories?post=488201"},{"taxonomy":"post_tag","embeddable":true,"href":"http:\/\/desarrollo.grupomedios.com\/futbol\/wp-json\/wp\/v2\/tags?post=488201"}],"curies":[{"name":"wp","href":"https:\/\/api.w.org\/{rel}","templated":true}]}}