{"id":488230,"date":"2017-07-13T15:36:17","date_gmt":"2017-07-13T20:36:17","guid":{"rendered":"https:\/\/www.futboltotal.com.mx\/?p=488230"},"modified":"2017-07-13T15:36:17","modified_gmt":"2017-07-13T20:36:17","slug":"ex-jugadores-de-chivas-vuelcan-camioneta-por-conducir-en-estado-ebriedad","status":"publish","type":"post","link":"http:\/\/desarrollo.grupomedios.com\/futbol\/futbol-mexicano\/ex-jugadores-de-chivas-vuelcan-camioneta-por-conducir-en-estado-ebriedad\/2017\/07","title":{"rendered":"Vuelcan exjugadores de Chivas por ir en estado de ebriedad"},"content":{"rendered":"<p>La madrugada de este jueves dos exjugadores de las <em><a href=\"https:\/\/www.futboltotal.com.mx\/2017\/07\/almeyda-le-abre-la-puerta-a-chicharito-regrese-a-chivas\/\" target=\"_blank\" rel=\"noopener noreferrer\">Chivas<\/a> Rayadas<\/em> del <a href=\"https:\/\/www.futboltotal.com.mx\/2017\/05\/guadalajara-revela-precios-final-chivas-tv\/\" target=\"_blank\" rel=\"noopener noreferrer\"><span style=\"color: #333399;\"><strong>Guadalajara<\/strong><\/span><\/a> tuvieron un percance en las inmediaciones de<strong> Perif\u00e9rico<\/strong> y <strong>Federalismo<\/strong>, en<strong> Zapopan, Jalisco<\/strong>. <strong>H\u00e9ctor<\/strong> \u2018Pirata\u2019 <strong>Castro<\/strong> y <strong>Manuel<\/strong> \u2018Matador <strong>Mart\u00ednez<\/strong> volcaron su camioneta.<\/p>\n<p style=\"text-align: center;\"><a href=\"https:\/\/www.futboltotal.com.mx\/2017\/07\/lewes-fc-iguala-sueldos-de-categorias-varonil-y-femenil\/\" target=\"_blank\" rel=\"noopener noreferrer\"><span style=\"color: #333399;\">VER M\u00c1S:\u00a0<\/span><\/a><span style=\"color: #333399;\">Club ingl\u00e9s iguala sueldos en sus categor\u00edas varonil y femenil<\/span><\/p>\n<p>Seg\u00fan los reportes policiales, el percance se suscit\u00f3 a las 01:00 horas de este jueves en <strong>Guadalajara<\/strong>, cuando la camioneta en la que viajaban ambos exfutbolistas se estrell\u00f3 con el muro de contenci\u00f3n y volc\u00f3; quedando sobre sus cuatro ruedas, por lo que ambos exjugadores del <em>Reba\u00f1o Sagrado<\/em> pudieron bajar por su propio pie, aparentemente <strong>Castro<\/strong> y <strong>Mart\u00ednez<\/strong> iban en estado de ebriedad.<\/p>\n<p style=\"text-align: center;\"><a href=\"https:\/\/www.futboltotal.com.mx\/2017\/07\/carlos-antuna-podria-jugar-en-espana-u-holanda\/\" target=\"_blank\" rel=\"noopener noreferrer\"><span style=\"color: #333399;\">VER M\u00c1S:\u00a0<\/span><span style=\"color: #333399;\">Canterano de Santos podr\u00eda jugar en Espa\u00f1a u Holanda<\/span><\/a><\/p>\n<p>Tras el percance \u00a0ambos exfutbolistas fueron sometidos a una revisi\u00f3n m\u00e9dica en la que se detect\u00f3 que el \u2018Pirata\u2019 y el \u2018Matador\u2019 \u00fanicamente sufrieron algunos raspones leves.<\/p>\n<p><a href=\"https:\/\/www.futboltotal.com.mx\/wp-content\/uploads\/2017\/07\/TWITTER-1.jpg\"><img decoding=\"async\" loading=\"lazy\" class=\"size-medium wp-image-488231 aligncenter\" src=\"https:\/\/www.futboltotal.com.mx\/wp-content\/uploads\/2017\/07\/TWITTER-1-300x169.jpg\" alt=\"Vuelcan exjugadores de Chivas por ir en estado de ebriedad 0\" srcset=\"http:\/\/desarrollo.grupomedios.com\/futbol\/wp-content\/uploads\/2017\/07\/TWITTER-1-300x169.jpg 300w, http:\/\/desarrollo.grupomedios.com\/futbol\/wp-content\/uploads\/2017\/07\/TWITTER-1-768x432.jpg 768w, http:\/\/desarrollo.grupomedios.com\/futbol\/wp-content\/uploads\/2017\/07\/TWITTER-1-1024x576.jpg 1024w, http:\/\/desarrollo.grupomedios.com\/futbol\/wp-content\/uploads\/2017\/07\/TWITTER-1-317x178.jpg 317w, http:\/\/desarrollo.grupomedios.com\/futbol\/wp-content\/uploads\/2017\/07\/TWITTER-1-535x301.jpg 535w, http:\/\/desarrollo.grupomedios.com\/futbol\/wp-content\/uploads\/2017\/07\/TWITTER-1-374x210.jpg 374w, http:\/\/desarrollo.grupomedios.com\/futbol\/wp-content\/uploads\/2017\/07\/TWITTER-1.jpg 1136w\" sizes=\"(max-width: 300px) 100vw, 300px\" \/><\/a><\/p>\n","protected":false},"excerpt":{"rendered":"<p>Salieron ilesos tras volcar su camioneta<\/p>\n","protected":false},"author":20,"featured_media":488232,"comment_status":"closed","ping_status":"closed","sticky":false,"template":"","format":"standard","meta":[],"categories":[5419,2198],"tags":[70,5963,9377,9378,9381,9379,9380],"_links":{"self":[{"href":"http:\/\/desarrollo.grupomedios.com\/futbol\/wp-json\/wp\/v2\/posts\/488230"}],"collection":[{"href":"http:\/\/desarrollo.grupomedios.com\/futbol\/wp-json\/wp\/v2\/posts"}],"about":[{"href":"http:\/\/desarrollo.grupomedios.com\/futbol\/wp-json\/wp\/v2\/types\/post"}],"author":[{"embeddable":true,"href":"http:\/\/desarrollo.grupomedios.com\/futbol\/wp-json\/wp\/v2\/users\/20"}],"replies":[{"embeddable":true,"href":"http:\/\/desarrollo.grupomedios.com\/futbol\/wp-json\/wp\/v2\/comments?post=488230"}],"version-history":[{"count":1,"href":"http:\/\/desarrollo.grupomedios.com\/futbol\/wp-json\/wp\/v2\/posts\/488230\/revisions"}],"predecessor-version":[{"id":488233,"href":"http:\/\/desarrollo.grupomedios.com\/futbol\/wp-json\/wp\/v2\/posts\/488230\/revisions\/488233"}],"wp:featuredmedia":[{"embeddable":true,"href":"http:\/\/desarrollo.grupomedios.com\/futbol\/wp-json\/wp\/v2\/media\/488232"}],"wp:attachment":[{"href":"http:\/\/desarrollo.grupomedios.com\/futbol\/wp-json\/wp\/v2\/media?parent=488230"}],"wp:term":[{"taxonomy":"category","embeddable":true,"href":"http:\/\/desarrollo.grupomedios.com\/futbol\/wp-json\/wp\/v2\/categories?post=488230"},{"taxonomy":"post_tag","embeddable":true,"href":"http:\/\/desarrollo.grupomedios.com\/futbol\/wp-json\/wp\/v2\/tags?post=488230"}],"curies":[{"name":"wp","href":"https:\/\/api.w.org\/{rel}","templated":true}]}}