{"id":488247,"date":"2017-07-13T16:41:42","date_gmt":"2017-07-13T21:41:42","guid":{"rendered":"https:\/\/www.futboltotal.com.mx\/?p=488247"},"modified":"2017-07-13T16:58:58","modified_gmt":"2017-07-13T21:58:58","slug":"rayados-revelo-los-numeros-de-sus-refuerzos-apertura-2017","status":"publish","type":"post","link":"http:\/\/desarrollo.grupomedios.com\/futbol\/futbol-mexicano\/rayados-revelo-los-numeros-de-sus-refuerzos-apertura-2017\/2017\/07","title":{"rendered":"Rayados revel\u00f3 los dorsales de sus refuerzos"},"content":{"rendered":"<p><em>Rayados<\/em> de <a href=\"https:\/\/www.futboltotal.com.mx\/2017\/07\/monterrey-presento-su-nuevo-uniforme\/\" target=\"_blank\" rel=\"noopener noreferrer\"><span style=\"color: #333399;\"><strong>Monterrey<\/strong><\/span><\/a> hizo este jueves la presentaci\u00f3n oficial de sus nuevos refuerzos para el <strong>Apertura 2017<\/strong>, adem\u00e1s de revelar los n\u00fameros que portar\u00e1n durante el pr\u00f3ximo certamen.<\/p>\n<p style=\"text-align: center;\"><a href=\"https:\/\/www.futboltotal.com.mx\/2017\/07\/charly-presenta-la-nueva-piel-leones-negros\/\" target=\"_blank\" rel=\"noopener noreferrer\"><span style=\"color: #333399;\">VER M\u00c1S:\u00a0<\/span><span style=\"color: #333399;\">Charly presenta la nueva piel de Leones Negros<\/span><\/a><\/p>\n<p>El evento estuvo encabezado por el director deportivo de <em>La Pandilla<\/em>, <a href=\"https:\/\/www.futboltotal.com.mx\/2017\/06\/davino-confirmo-rayados-ya-pidio-a-layun\/\" target=\"_blank\" rel=\"noopener noreferrer\"><span style=\"color: #333399;\"><strong>Duilio Davino<\/strong><\/span><\/a>, quien se encarg\u00f3 de llevar a cabo el protocolo de presentaci\u00f3n de <strong>Jorge Ben\u00edtez<\/strong>,\u00a0<strong>Stefan Medina, Juan Pablo Carrizo, Avil\u00e9s Hurtado, Neri Cardozo y Jorge Ben\u00edtez,<\/strong><\/p>\n<p style=\"text-align: center;\"><a href=\"https:\/\/www.futboltotal.com.mx\/2017\/07\/veracruz-exporta-a-un-tercer-jugador-a-europa\/\" target=\"_blank\" rel=\"noopener noreferrer\"><span style=\"color: #333399;\">VER M\u00c1S:\u00a0<\/span><span style=\"color: #333399;\">Veracruz exporta a un tercer jugador a Europa<\/span><\/a><\/p>\n<p><a href=\"https:\/\/www.futboltotal.com.mx\/wp-content\/uploads\/2017\/07\/monterrey-1.jpg\"><img decoding=\"async\" loading=\"lazy\" class=\"size-medium wp-image-488254 aligncenter\" src=\"https:\/\/www.futboltotal.com.mx\/wp-content\/uploads\/2017\/07\/monterrey-1-300x169.jpg\" alt=\"Rayados revel\u00f3 los dorsales de sus refuerzos 0\" srcset=\"http:\/\/desarrollo.grupomedios.com\/futbol\/wp-content\/uploads\/2017\/07\/monterrey-1-300x169.jpg 300w, http:\/\/desarrollo.grupomedios.com\/futbol\/wp-content\/uploads\/2017\/07\/monterrey-1-768x432.jpg 768w, http:\/\/desarrollo.grupomedios.com\/futbol\/wp-content\/uploads\/2017\/07\/monterrey-1-1024x576.jpg 1024w, http:\/\/desarrollo.grupomedios.com\/futbol\/wp-content\/uploads\/2017\/07\/monterrey-1-317x178.jpg 317w, http:\/\/desarrollo.grupomedios.com\/futbol\/wp-content\/uploads\/2017\/07\/monterrey-1-535x301.jpg 535w, http:\/\/desarrollo.grupomedios.com\/futbol\/wp-content\/uploads\/2017\/07\/monterrey-1-374x210.jpg 374w, http:\/\/desarrollo.grupomedios.com\/futbol\/wp-content\/uploads\/2017\/07\/monterrey-1.jpg 1136w\" sizes=\"(max-width: 300px) 100vw, 300px\" \/><\/a><\/p>\n<p>El conjunto dirigido por <a href=\"https:\/\/www.futboltotal.com.mx\/2017\/07\/antonio-mohamed-no-descarta-la-llegada-de-miguel-layun-a-rayados\/\" target=\"_blank\" rel=\"noopener noreferrer\"><span style=\"color: #333399;\"><strong>Antonio Mohamed<\/strong><\/span><\/a> revel\u00f3 los dorsales de sus nuevos elementos. <a href=\"https:\/\/www.futboltotal.com.mx\/2017\/06\/aviles-hurtado-ya-firmo-con-rayados\/\" target=\"_blank\" rel=\"noopener noreferrer\"><span style=\"color: #333399;\"><strong>Avil\u00e9s Hurtado<\/strong><\/span><\/a> portar\u00e1 el 18,<a href=\"https:\/\/www.futboltotal.com.mx\/2016\/06\/stefan-medina-llegaria-a-river-plate\/\" target=\"_blank\" rel=\"noopener noreferrer\"><span style=\"color: #333399;\"><strong> Stefan Medina<\/strong><\/span><\/a> llevar\u00e1 el 33, <a href=\"https:\/\/www.futboltotal.com.mx\/2016\/08\/neri-cardozo-critica-al-queretaro\/\" target=\"_blank\" rel=\"noopener noreferrer\"><span style=\"color: #333399;\"><strong>Neri Cardozo<\/strong><\/span><\/a> usar\u00e1 el 19, <a href=\"https:\/\/www.futboltotal.com.mx\/2017\/06\/oficial-rayados-anuncia-llegada-de-juan-pablo-carrizo\/\" target=\"_blank\" rel=\"noopener noreferrer\"><span style=\"color: #333399;\"><strong>Juan Pablo Carrizo<\/strong><\/span><\/a> lucir\u00e1 el 22 y<a href=\"https:\/\/www.futboltotal.com.mx\/2017\/05\/jorge-benitez-dejaria-cruz-azul-reforzar-al-monterrey\/\" target=\"_blank\" rel=\"noopener noreferrer\"><span style=\"color: #333399;\"><strong> Jorge Ben\u00edtez<\/strong> <\/span><\/a>har\u00e1 lo propio con el 27.<\/p>\n<p style=\"text-align: center;\"><a href=\"https:\/\/www.futboltotal.com.mx\/2017\/07\/liderazgo-rafa-marquez-le-viene-bien-al-atlas-profe-cruz\/\" target=\"_blank\" rel=\"noopener noreferrer\"><span style=\"color: #333399;\">VER M\u00c1S:\u00a0Liderazgo de Rafa M\u00e1rquez le viene bien al Atlas: Profe Cruz<\/span><\/a><\/p>\n<p>&nbsp;<\/p>\n<blockquote class=\"twitter-tweet\" data-lang=\"es\">\n<p dir=\"ltr\" lang=\"es\">&#x1f535;\u26aa Avil\u00e9s Hurtado apoyar\u00e1 con su potencia y energ\u00eda al Equipo, porque juntos <a href=\"https:\/\/twitter.com\/hashtag\/SomosRayados?src=hash\">#SomosRayados<\/a>. Usar\u00e1 el #18 <a href=\"https:\/\/t.co\/sL7cPiqVR8\">pic.twitter.com\/sL7cPiqVR8<\/a><\/p>\n<p>\u2014 Rayados Oficial (@Rayados) <a href=\"https:\/\/twitter.com\/Rayados\/status\/885583572857491456\">13 de julio de 2017<\/a><\/p><\/blockquote>\n<p><script async src=\"\/\/platform.twitter.com\/widgets.js\" charset=\"utf-8\"><\/script><\/p>\n<p>&nbsp;<\/p>\n<blockquote class=\"twitter-tweet\" data-lang=\"es\">\n<p dir=\"ltr\" lang=\"es\">Stefan Medina regresa con ganas de fortalecer al Equipo con el #33. Sus redes sociales: Twitter: <a href=\"https:\/\/twitter.com\/StefanMedina\">@stefanmedina<\/a> \/ Instagram: @_stefanmedina <a href=\"https:\/\/t.co\/YZN4YCWeZ5\">pic.twitter.com\/YZN4YCWeZ5<\/a><\/p>\n<p>\u2014 Rayados Oficial (@Rayados) <a href=\"https:\/\/twitter.com\/Rayados\/status\/885584883757830145\">13 de julio de 2017<\/a><\/p><\/blockquote>\n<p><script async src=\"\/\/platform.twitter.com\/widgets.js\" charset=\"utf-8\"><\/script><\/p>\n<p>&nbsp;<\/p>\n<blockquote class=\"twitter-tweet\" data-lang=\"es\">\n<p dir=\"ltr\" lang=\"es\">Neri Cardozo con su precisi\u00f3n y dinamismo portar\u00e1 el n\u00famero 19 para defender los colores <a href=\"https:\/\/twitter.com\/hashtag\/Rayados?src=hash\">#Rayados<\/a> \u26bd&#x1f535;\u26aa <a href=\"https:\/\/t.co\/uH2B5AQvfh\">pic.twitter.com\/uH2B5AQvfh<\/a><\/p>\n<p>\u2014 Rayados Oficial (@Rayados) <a href=\"https:\/\/twitter.com\/Rayados\/status\/885593468000768002\">13 de julio de 2017<\/a><\/p><\/blockquote>\n<p><script async src=\"\/\/platform.twitter.com\/widgets.js\" charset=\"utf-8\"><\/script><\/p>\n<p>&nbsp;<\/p>\n<blockquote class=\"twitter-tweet\" data-lang=\"es\">\n<p dir=\"ltr\" lang=\"es\">Juan Pablo Carrizo llega a sumar con su experiencia y legado a <a href=\"https:\/\/twitter.com\/hashtag\/Rayados?src=hash\">#Rayados<\/a> con el dorsal #22. &#x1f64c; <a href=\"https:\/\/t.co\/LK8Slg5RVA\">pic.twitter.com\/LK8Slg5RVA<\/a><\/p>\n<p>\u2014 Rayados Oficial (@Rayados) <a href=\"https:\/\/twitter.com\/Rayados\/status\/885598481875972097\">13 de julio de 2017<\/a><\/p><\/blockquote>\n<p><script async src=\"\/\/platform.twitter.com\/widgets.js\" charset=\"utf-8\"><\/script><\/p>\n<p>&nbsp;<\/p>\n<blockquote class=\"twitter-tweet\" data-lang=\"es\">\n<p dir=\"ltr\" lang=\"es\">\u26bd&#x1f535;\u26aa Jorge Ben\u00edtez con su presencia y actitud busca trabajar en Equipo y tener una competencia sana en Rayados con el #27 <a href=\"https:\/\/t.co\/Ty5fZ35y16\">pic.twitter.com\/Ty5fZ35y16<\/a><\/p>\n<p>\u2014 Rayados Oficial (@Rayados) <a href=\"https:\/\/twitter.com\/Rayados\/status\/885604849123033088\">13 de julio de 2017<\/a><\/p><\/blockquote>\n<p><script async src=\"\/\/platform.twitter.com\/widgets.js\" charset=\"utf-8\"><\/script><\/p>\n","protected":false},"excerpt":{"rendered":"<p>Rayados revel\u00f3 los n\u00famero que portar\u00e1n sus refuerzos en el Apertura 2017<\/p>\n","protected":false},"author":20,"featured_media":488253,"comment_status":"closed","ping_status":"closed","sticky":false,"template":"","format":"standard","meta":[],"categories":[2198,3845],"tags":[1587,2069,6538,5839,9110,5966,2250,497,5619],"_links":{"self":[{"href":"http:\/\/desarrollo.grupomedios.com\/futbol\/wp-json\/wp\/v2\/posts\/488247"}],"collection":[{"href":"http:\/\/desarrollo.grupomedios.com\/futbol\/wp-json\/wp\/v2\/posts"}],"about":[{"href":"http:\/\/desarrollo.grupomedios.com\/futbol\/wp-json\/wp\/v2\/types\/post"}],"author":[{"embeddable":true,"href":"http:\/\/desarrollo.grupomedios.com\/futbol\/wp-json\/wp\/v2\/users\/20"}],"replies":[{"embeddable":true,"href":"http:\/\/desarrollo.grupomedios.com\/futbol\/wp-json\/wp\/v2\/comments?post=488247"}],"version-history":[{"count":3,"href":"http:\/\/desarrollo.grupomedios.com\/futbol\/wp-json\/wp\/v2\/posts\/488247\/revisions"}],"predecessor-version":[{"id":488256,"href":"http:\/\/desarrollo.grupomedios.com\/futbol\/wp-json\/wp\/v2\/posts\/488247\/revisions\/488256"}],"wp:featuredmedia":[{"embeddable":true,"href":"http:\/\/desarrollo.grupomedios.com\/futbol\/wp-json\/wp\/v2\/media\/488253"}],"wp:attachment":[{"href":"http:\/\/desarrollo.grupomedios.com\/futbol\/wp-json\/wp\/v2\/media?parent=488247"}],"wp:term":[{"taxonomy":"category","embeddable":true,"href":"http:\/\/desarrollo.grupomedios.com\/futbol\/wp-json\/wp\/v2\/categories?post=488247"},{"taxonomy":"post_tag","embeddable":true,"href":"http:\/\/desarrollo.grupomedios.com\/futbol\/wp-json\/wp\/v2\/tags?post=488247"}],"curies":[{"name":"wp","href":"https:\/\/api.w.org\/{rel}","templated":true}]}}