{"id":488288,"date":"2017-07-13T19:27:54","date_gmt":"2017-07-14T00:27:54","guid":{"rendered":"https:\/\/www.futboltotal.com.mx\/?p=488288"},"modified":"2017-07-13T19:27:54","modified_gmt":"2017-07-14T00:27:54","slug":"en-china-pagarian-una-fortuna-por-morata","status":"publish","type":"post","link":"http:\/\/desarrollo.grupomedios.com\/futbol\/futbol-internacional\/en-china-pagarian-una-fortuna-por-morata\/2017\/07","title":{"rendered":"China le hace millonaria oferta a \u00c1lvaro Morata"},"content":{"rendered":"<p>Muchos han sido los rumores en torno a <a href=\"https:\/\/www.futboltotal.com.mx\/2017\/06\/alvaro-morata-se-casa-en-venecia\/\" target=\"_blank\" rel=\"noopener noreferrer\"><span style=\"color: #333399;\"><strong>\u00c1lvaro Morata<\/strong><\/span><\/a>, delantero del <strong><a href=\"https:\/\/www.futboltotal.com.mx\/2017\/07\/ya-fecha-real-madrid-vs-barcelona-la-supercopa-espana\/\" target=\"_blank\" rel=\"noopener noreferrer\"><span style=\"color: #333399;\">Real Madrid<\/span><\/a>,<\/strong> en un principio se habl\u00f3 sobre su posible llegada al <a href=\"https:\/\/www.futboltotal.com.mx\/2017\/07\/zlatan-ibrahimovic-podria-volver-al-manchester-united\/\" target=\"_blank\" rel=\"noopener noreferrer\"><span style=\"color: #333399;\"><strong>Manchester United<\/strong><\/span><\/a>; sin embargo, tal parece que su destino podr\u00eda estar en<strong> China<\/strong>, liga en la que el<strong> Tianjin Quanjian<\/strong> estar\u00eda dispuesto a pagar 30 millones de euros netos por temporada al delantero espa\u00f1ol por las pr\u00f3ximas cinco temporadas.<\/p>\n<p style=\"text-align: center;\"><a href=\"https:\/\/www.futboltotal.com.mx\/2017\/07\/tres-mexicano-mas-probaran-suerte-en-europa\/\" target=\"_blank\" rel=\"noopener noreferrer\"><span style=\"color: #333399;\">VER M\u00c1S:\u00a0<\/span><span style=\"color: #333399;\">En fuga, tres mexicanos m\u00e1s probar\u00e1n suerte en Europa<\/span><\/a><\/p>\n<p>De acuerdo con Onda Cero, <a href=\"https:\/\/www.futboltotal.com.mx\/2015\/02\/fabio-cannavaro-condenado-a-10-meses-de-carcel\/\" target=\"_blank\" rel=\"noopener noreferrer\"><span style=\"color: #333399;\"><strong>Fabio Cannavaro<\/strong><\/span><\/a>, t\u00e9cnico del conjunto chino, quiere sumar al <em>Ariete<\/em> a sus filas, por lo que la escuadra asi\u00e1tica adelantar\u00eda 40 millones para garantizar la estratosf\u00e9rica cifra\u00a0antes mencionado.<\/p>\n<p style=\"text-align: center;\"><a href=\"https:\/\/www.futboltotal.com.mx\/2017\/07\/puyol-casi-parte-a-phill-neville-en-partido-de-leyendas\/\" target=\"_blank\" rel=\"noopener noreferrer\"><span style=\"color: #333399;\">VER M\u00c1S:\u00a0<\/span><span style=\"color: #333399;\">Puyol casi parte a Neville en Partido de Leyendas<\/span><\/a><\/p>\n<p>Actualmente el delantero de la <a href=\"https:\/\/www.futboltotal.com.mx\/2017\/06\/espana-e-italia-se-mantienen-firmes-en-camino-a-rusia-2018\/\" target=\"_blank\" rel=\"noopener noreferrer\"><span style=\"color: #333399;\"><strong>Selecci\u00f3n de Espa\u00f1a<\/strong><\/span><\/a> percibe un sueldo de 6 millones por temporada. En caso de que la operaci\u00f3n se concrete deber\u00e1 efectuarse antes del viernes, d\u00eda en que cierran los registros en el mercado chino.<\/p>\n","protected":false},"excerpt":{"rendered":"<p>\u00c1lvaro Morata estar\u00eda cerca de la Superliga China<\/p>\n","protected":false},"author":20,"featured_media":480659,"comment_status":"closed","ping_status":"closed","sticky":false,"template":"","format":"standard","meta":[],"categories":[7740,3839],"tags":[3001,9387,43,5988,6846,8139],"_links":{"self":[{"href":"http:\/\/desarrollo.grupomedios.com\/futbol\/wp-json\/wp\/v2\/posts\/488288"}],"collection":[{"href":"http:\/\/desarrollo.grupomedios.com\/futbol\/wp-json\/wp\/v2\/posts"}],"about":[{"href":"http:\/\/desarrollo.grupomedios.com\/futbol\/wp-json\/wp\/v2\/types\/post"}],"author":[{"embeddable":true,"href":"http:\/\/desarrollo.grupomedios.com\/futbol\/wp-json\/wp\/v2\/users\/20"}],"replies":[{"embeddable":true,"href":"http:\/\/desarrollo.grupomedios.com\/futbol\/wp-json\/wp\/v2\/comments?post=488288"}],"version-history":[{"count":1,"href":"http:\/\/desarrollo.grupomedios.com\/futbol\/wp-json\/wp\/v2\/posts\/488288\/revisions"}],"predecessor-version":[{"id":488289,"href":"http:\/\/desarrollo.grupomedios.com\/futbol\/wp-json\/wp\/v2\/posts\/488288\/revisions\/488289"}],"wp:featuredmedia":[{"embeddable":true,"href":"http:\/\/desarrollo.grupomedios.com\/futbol\/wp-json\/wp\/v2\/media\/480659"}],"wp:attachment":[{"href":"http:\/\/desarrollo.grupomedios.com\/futbol\/wp-json\/wp\/v2\/media?parent=488288"}],"wp:term":[{"taxonomy":"category","embeddable":true,"href":"http:\/\/desarrollo.grupomedios.com\/futbol\/wp-json\/wp\/v2\/categories?post=488288"},{"taxonomy":"post_tag","embeddable":true,"href":"http:\/\/desarrollo.grupomedios.com\/futbol\/wp-json\/wp\/v2\/tags?post=488288"}],"curies":[{"name":"wp","href":"https:\/\/api.w.org\/{rel}","templated":true}]}}