{"id":488290,"date":"2017-07-13T19:47:57","date_gmt":"2017-07-14T00:47:57","guid":{"rendered":"https:\/\/www.futboltotal.com.mx\/?p=488290"},"modified":"2017-07-13T19:47:57","modified_gmt":"2017-07-14T00:47:57","slug":"bajan-precios-para-duelos-del-porto-tras-cancelacion-de-juventus","status":"publish","type":"post","link":"http:\/\/desarrollo.grupomedios.com\/futbol\/futbol-mexicano\/bajan-precios-para-duelos-del-porto-tras-cancelacion-de-juventus\/2017\/07","title":{"rendered":"Bajan los precios de los duelos del Porto tras cancelaci\u00f3n de la Juve"},"content":{"rendered":"<p>Tras la negativa de la <a href=\"https:\/\/www.futboltotal.com.mx\/2017\/07\/juventus-cancela-partidos-en-mexico-frente-a-monterrey-tigres\/\" target=\"_blank\" rel=\"noopener noreferrer\"><span style=\"color: #333399;\"><strong>Juventus<\/strong><\/span><\/a> para venir a <strong>M\u00e9xico<\/strong> a encarar la<a href=\"https:\/\/www.futboltotal.com.mx\/2015\/12\/en-tecate-peleas-de-alto-voltaje\/\" target=\"_blank\" rel=\"noopener noreferrer\"><span style=\"color: #333399;\"><strong> Copa Tecate<\/strong><\/span><\/a> ante<a href=\"https:\/\/www.futboltotal.com.mx\/2017\/07\/tigres-estaria-interesado-en-fichar-a-maxi-rodriguez\/\" target=\"_blank\" rel=\"noopener noreferrer\"><span style=\"color: #333399;\"> <strong>Tigres<\/strong><\/span><\/a> y <a href=\"https:\/\/www.futboltotal.com.mx\/2017\/07\/rayados-revelo-los-numeros-de-sus-refuerzos-apertura-2017\/\" target=\"_blank\" rel=\"noopener noreferrer\"><span style=\"color: #333399;\"><strong>Monterrey<\/strong><\/span><\/a>, los organizadores decidieron compensar a los aficionados con una promoci\u00f3n de 2&#215;1 para los encuentros de <a href=\"https:\/\/www.futboltotal.com.mx\/2017\/07\/chaco-gimenez-revela-a-le-dejara-la-10-cruz-azul\/\" target=\"_blank\" rel=\"noopener noreferrer\"><span style=\"color: #333399;\"><strong>Cruz Azul<\/strong> <\/span><\/a>y <a href=\"https:\/\/www.futboltotal.com.mx\/2017\/07\/madrugan-a-chivas-playera-local-ya-a-la-venta\/\" target=\"_blank\" rel=\"noopener noreferrer\"><span style=\"color: #333399;\"><strong>Chivas<\/strong><\/span><\/a> ante el<a href=\"https:\/\/www.futboltotal.com.mx\/2017\/07\/porto-intencion-vender-a-diego-reyes\/\" target=\"_blank\" rel=\"noopener noreferrer\"><span style=\"color: #333399;\"><strong> Porto<\/strong><\/span><\/a> de <strong>Portugal<\/strong>, los d\u00edas lunes 17 de julio y mi\u00e9rcoles 19 de julio, respectivamente.<\/p>\n<p style=\"text-align: center;\"><a href=\"https:\/\/www.futboltotal.com.mx\/2017\/07\/en-china-pagarian-una-fortuna-por-morata\/\" target=\"_blank\" rel=\"noopener noreferrer\"><span style=\"color: #333399;\">VER M\u00c1S:\u00a0<\/span><span style=\"color: #333399;\">China le hace millonaria oferta a \u00c1lvaro Morata<\/span><\/a><\/p>\n<p>La decisi\u00f3n se dio a ra\u00edz de la cancelaci\u00f3n de la <em>Vecchia Signora dil Calcio<\/em>, ya que muchos aficionados hab\u00edan comprado sus boletos para dichos enfrentamientos ante el cuadro italiano. En d\u00edas pasados los<em> Dragones<\/em> confirmaron su asistencia, por lo que la afici\u00f3n azteca podr\u00e1 ver a <a href=\"https:\/\/www.futboltotal.com.mx\/2017\/07\/tecatito-termino-con-los-rumores-sobre-salida-copa-confederaciones\/\" target=\"_blank\" rel=\"noopener noreferrer\"><span style=\"color: #333399;\"><strong>Jes\u00fas<\/strong> \u2018Tecatito\u2019<\/span><\/a><strong><span style=\"color: #333399;\"> Corona<\/span>, <a href=\"https:\/\/www.futboltotal.com.mx\/2017\/07\/porto-le-pone-precio-millonario-a-hector-herrera\/\" target=\"_blank\" rel=\"noopener noreferrer\"><span style=\"color: #333399;\">H\u00e9ctor Herrera<\/span><\/a><\/strong> y <a href=\"https:\/\/www.futboltotal.com.mx\/2017\/06\/miguel-layun-descarta-llegar-a-rayados\/\" target=\"_blank\" rel=\"noopener noreferrer\"><span style=\"color: #333399;\"><strong>Miguel Lay\u00fan.<\/strong><\/span><\/a><\/p>\n<p style=\"text-align: center;\"><a href=\"https:\/\/www.futboltotal.com.mx\/2017\/07\/tres-mexicano-mas-probaran-suerte-en-europa\/\" target=\"_blank\" rel=\"noopener noreferrer\"><span style=\"color: #333399;\">VER M\u00c1S:\u00a0<\/span><span style=\"color: #333399;\">En fuga, tres mexicanos m\u00e1s probar\u00e1n suerte en Europa<\/span><\/a><\/p>\n","protected":false},"excerpt":{"rendered":"<p>\u00a1Vaya! Buena noticia para los aficionados<\/p>\n","protected":false},"author":20,"featured_media":486558,"comment_status":"closed","ping_status":"closed","sticky":false,"template":"","format":"standard","meta":[],"categories":[5419,3839,2198,3845],"tags":[70,8982,5962,5999,5966,1208,5973],"_links":{"self":[{"href":"http:\/\/desarrollo.grupomedios.com\/futbol\/wp-json\/wp\/v2\/posts\/488290"}],"collection":[{"href":"http:\/\/desarrollo.grupomedios.com\/futbol\/wp-json\/wp\/v2\/posts"}],"about":[{"href":"http:\/\/desarrollo.grupomedios.com\/futbol\/wp-json\/wp\/v2\/types\/post"}],"author":[{"embeddable":true,"href":"http:\/\/desarrollo.grupomedios.com\/futbol\/wp-json\/wp\/v2\/users\/20"}],"replies":[{"embeddable":true,"href":"http:\/\/desarrollo.grupomedios.com\/futbol\/wp-json\/wp\/v2\/comments?post=488290"}],"version-history":[{"count":1,"href":"http:\/\/desarrollo.grupomedios.com\/futbol\/wp-json\/wp\/v2\/posts\/488290\/revisions"}],"predecessor-version":[{"id":488291,"href":"http:\/\/desarrollo.grupomedios.com\/futbol\/wp-json\/wp\/v2\/posts\/488290\/revisions\/488291"}],"wp:featuredmedia":[{"embeddable":true,"href":"http:\/\/desarrollo.grupomedios.com\/futbol\/wp-json\/wp\/v2\/media\/486558"}],"wp:attachment":[{"href":"http:\/\/desarrollo.grupomedios.com\/futbol\/wp-json\/wp\/v2\/media?parent=488290"}],"wp:term":[{"taxonomy":"category","embeddable":true,"href":"http:\/\/desarrollo.grupomedios.com\/futbol\/wp-json\/wp\/v2\/categories?post=488290"},{"taxonomy":"post_tag","embeddable":true,"href":"http:\/\/desarrollo.grupomedios.com\/futbol\/wp-json\/wp\/v2\/tags?post=488290"}],"curies":[{"name":"wp","href":"https:\/\/api.w.org\/{rel}","templated":true}]}}