{"id":488297,"date":"2017-07-13T21:30:53","date_gmt":"2017-07-14T02:30:53","guid":{"rendered":"https:\/\/www.futboltotal.com.mx\/?p=488297"},"modified":"2017-07-14T15:08:17","modified_gmt":"2017-07-14T20:08:17","slug":"charly-futbol-y-necaxa-presentaron-su-nueva-piel","status":"publish","type":"post","link":"http:\/\/desarrollo.grupomedios.com\/futbol\/destacado-home\/charly-futbol-y-necaxa-presentaron-su-nueva-piel\/2017\/07","title":{"rendered":"Charly F\u00fatbol y Necaxa presentaron la electrizante piel del Rayo"},"content":{"rendered":"<p>En medio de una tremendo espect\u00e1culo, los <em>Hidrorayos<\/em> del <strong><a href=\"https:\/\/www.futboltotal.com.mx\/2017\/07\/necaxa-pone-a-la-venta-nuevo-uniforme\/\" target=\"_blank\" rel=\"noopener noreferrer\"><span style=\"color: #333399;\">Necaxa<\/span><\/a><\/strong> presentaron sus nueva piel para el <a href=\"https:\/\/www.futboltotal.com.mx\/2017\/07\/tigres-presento-sus-uniformes-para-apertura-2017\/\" target=\"_blank\" rel=\"noopener noreferrer\"><span style=\"color: #333399;\"><strong>Apertura 2017<\/strong><\/span><\/a>, dise\u00f1os que correr\u00e1n a cargo de la marca mexicana <strong><a href=\"https:\/\/www.futboltotal.com.mx\/2017\/07\/charly-presenta-la-nueva-piel-leones-negros\/\" target=\"_blank\" rel=\"noopener noreferrer\"><span style=\"color: #333399;\">Charly F\u00fatbol<\/span><\/a>. <\/strong>La presentaci\u00f3n estuvo a cargo de la guapa<strong> Jimena S\u00e1nchez.<\/strong><\/p>\n<p style=\"text-align: center;\"><a href=\"https:\/\/www.futboltotal.com.mx\/2017\/07\/en-vivo-mexico-vs-jamaica-copa-oro-2017\/\" target=\"_blank\" rel=\"noopener noreferrer\"><span style=\"color: #333399;\">VER M\u00c1S:\u00a0M\u00e9xico se pone a prueba ante Jamaica en la Copa Oro 2017<\/span><\/a><\/p>\n<p>Adem\u00e1s del uniforme los <strong>Rayos<\/strong> sufrieron algunas modificaciones en su plantel, entre los que se destaca la llegada del t\u00e9cnico <a href=\"https:\/\/www.futboltotal.com.mx\/2017\/05\/necaxa-presento-a-nacho-ambriz-nuevo-tecnico\/\" target=\"_blank\" rel=\"noopener noreferrer\"><span style=\"color: #333399;\"><strong>Ignacio Ambriz<\/strong><\/span><\/a>, as\u00ed como de los nuevos refuerzos para la siguiente campa\u00f1a, encabezados por <strong>V\u00edctor D\u00e1vila, Daniel \u00c1lvarez, Roberto Alvarado, Dieter Villalpando, Miguel Ponce, Othoniel Arce, Edgar Alaffita, Aar\u00f3n Fern\u00e1ndez, Bryan Colula, Mart\u00edn Barrag\u00e1n<\/strong> y <strong>Carlos Gonz\u00e1lez.<\/strong><\/p>\n<p style=\"text-align: center;\"><a href=\"https:\/\/www.futboltotal.com.mx\/2017\/07\/bajan-precios-para-duelos-del-porto-tras-cancelacion-de-juventus\/\" target=\"_blank\" rel=\"noopener noreferrer\"><span style=\"color: #333399;\">VER M\u00c1S:\u00a0<\/span><span style=\"color: #333399;\">Bajan los precios de los duelos del Porto tras cancelaci\u00f3n de la Juve<\/span><\/a><\/p>\n<p>La indumentaria de local respeta los colores tradicionales en rojo y blanco, con tres grandes franjas en color rojo al frente y dos en los costados, algunos detalles en color negro en mangas y cuello. Mientras que la de visitante es en color rojo y negro, lucen las mismas franjas en color rojo que en la indumentaria de local, resaltan detalles en cuello y mangas en color rojo.<\/p>\n<blockquote class=\"twitter-tweet\" data-lang=\"es\">\n<p dir=\"ltr\" lang=\"es\">\u00a1M\u00e1s electrizante que nunca! Les presentamos el nuevo uniforme local de <a href=\"https:\/\/twitter.com\/ClubNecaxa\">@ClubNecaxa<\/a> . \u26a1\ufe0f <a href=\"https:\/\/twitter.com\/hashtag\/FuerzaElectrizante?src=hash\">#FuerzaElectrizante<\/a> <a href=\"https:\/\/twitter.com\/hashtag\/JuegaEnNuestraCancha?src=hash\">#JuegaEnNuestraCancha<\/a> <a href=\"https:\/\/t.co\/oTRwQ28yJq\">pic.twitter.com\/oTRwQ28yJq<\/a><\/p>\n<p>\u2014 Charly F\u00fatbol (@CharlyFutbol) <a href=\"https:\/\/twitter.com\/CharlyFutbol\/status\/885688515085914112\">14 de julio de 2017<\/a><\/p><\/blockquote>\n<p><script async src=\"\/\/platform.twitter.com\/widgets.js\" charset=\"utf-8\"><\/script><\/p>\n<p>&nbsp;<\/p>\n<blockquote class=\"twitter-tweet\" data-lang=\"es\">\n<p dir=\"ltr\" lang=\"es\">\u00a1De alto voltaje! Este es el segundo equipamiento oficial de <a href=\"https:\/\/twitter.com\/ClubNecaxa\">@ClubNecaxa<\/a> . \u26a1\ufe0f <a href=\"https:\/\/twitter.com\/hashtag\/FuerzaElectrizante?src=hash\">#FuerzaElectrizante<\/a> <a href=\"https:\/\/twitter.com\/hashtag\/JuegaEnNuestraCancha?src=hash\">#JuegaEnNuestraCancha<\/a> <a href=\"https:\/\/t.co\/SYLL0MnzKs\">pic.twitter.com\/SYLL0MnzKs<\/a><\/p>\n<p>\u2014 Charly F\u00fatbol (@CharlyFutbol) <a href=\"https:\/\/twitter.com\/CharlyFutbol\/status\/885688413864833024\">14 de julio de 2017<\/a><\/p><\/blockquote>\n<p><script async src=\"\/\/platform.twitter.com\/widgets.js\" charset=\"utf-8\"><\/script><\/p>\n<div class=\"fb-video\" data-href=\"https:\/\/www.facebook.com\/futboltotalmexico\/videos\/10154818427578226\/\" data-data-show-text=\"false\">\n<blockquote class=\"fb-xfbml-parse-ignore\" cite=\"https:\/\/www.facebook.com\/futboltotalmexico\/videos\/10154818427578226\/\"><p>&nbsp;<\/p>\n<p>Da comienzo la presentaci\u00f3n del nuevo uniforme del ClubNecaxa y Charly F\u00fatbol Oficial<\/p>\n<p>Posted by <a href=\"https:\/\/www.facebook.com\/futboltotalmexico\/\">Futbol Total<\/a> on jueves, 13 de julio de 2017<\/p><\/blockquote>\n<\/div>\n","protected":false},"excerpt":{"rendered":"<p>Electrizantes modelos de Charly F\u00fatbol para el Necaxa<\/p>\n","protected":false},"author":20,"featured_media":488305,"comment_status":"closed","ping_status":"closed","sticky":false,"template":"","format":"standard","meta":[],"categories":[5,2198,3845],"tags":[8119,511,261],"_links":{"self":[{"href":"http:\/\/desarrollo.grupomedios.com\/futbol\/wp-json\/wp\/v2\/posts\/488297"}],"collection":[{"href":"http:\/\/desarrollo.grupomedios.com\/futbol\/wp-json\/wp\/v2\/posts"}],"about":[{"href":"http:\/\/desarrollo.grupomedios.com\/futbol\/wp-json\/wp\/v2\/types\/post"}],"author":[{"embeddable":true,"href":"http:\/\/desarrollo.grupomedios.com\/futbol\/wp-json\/wp\/v2\/users\/20"}],"replies":[{"embeddable":true,"href":"http:\/\/desarrollo.grupomedios.com\/futbol\/wp-json\/wp\/v2\/comments?post=488297"}],"version-history":[{"count":6,"href":"http:\/\/desarrollo.grupomedios.com\/futbol\/wp-json\/wp\/v2\/posts\/488297\/revisions"}],"predecessor-version":[{"id":488445,"href":"http:\/\/desarrollo.grupomedios.com\/futbol\/wp-json\/wp\/v2\/posts\/488297\/revisions\/488445"}],"wp:featuredmedia":[{"embeddable":true,"href":"http:\/\/desarrollo.grupomedios.com\/futbol\/wp-json\/wp\/v2\/media\/488305"}],"wp:attachment":[{"href":"http:\/\/desarrollo.grupomedios.com\/futbol\/wp-json\/wp\/v2\/media?parent=488297"}],"wp:term":[{"taxonomy":"category","embeddable":true,"href":"http:\/\/desarrollo.grupomedios.com\/futbol\/wp-json\/wp\/v2\/categories?post=488297"},{"taxonomy":"post_tag","embeddable":true,"href":"http:\/\/desarrollo.grupomedios.com\/futbol\/wp-json\/wp\/v2\/tags?post=488297"}],"curies":[{"name":"wp","href":"https:\/\/api.w.org\/{rel}","templated":true}]}}