{"id":488336,"date":"2017-07-14T08:46:11","date_gmt":"2017-07-14T13:46:11","guid":{"rendered":"https:\/\/www.futboltotal.com.mx\/?p=488336"},"modified":"2017-07-14T08:50:56","modified_gmt":"2017-07-14T13:50:56","slug":"leonardo-bonucci-deja-a-la-juventus-fichar-milan","status":"publish","type":"post","link":"http:\/\/desarrollo.grupomedios.com\/futbol\/futbol-internacional\/leonardo-bonucci-deja-a-la-juventus-fichar-milan\/2017\/07","title":{"rendered":"Leonardo Bonucci deja a la Juventus para fichar por el Milan"},"content":{"rendered":"<p>El mercado de fichajes del futbol italiano ha amanecido con la aparente bomba el verano, luego de que el <strong>Milan<\/strong> anunciara la contrataci\u00f3n del defensor <strong>Leonardo Bonucci<\/strong>, quien deja a la <strong>Juventus<\/strong> luego de 7 a\u00f1os con la <em>Vecchia Signora<\/em>.<\/p>\n<p>El defensor de la selecci\u00f3n de <strong>Italia<\/strong> termina un ciclo lleno de triunfos y t\u00edtulos con el actual monarca de la <strong>Serie A<\/strong>, esto a cambio de 40 millones de euros, m\u00e1s dos en variables, que pagar\u00e1n los <em>Rossoneri<\/em> a la <em>Juve<\/em>.<\/p>\n<p style=\"text-align: center;\"><a href=\"https:\/\/www.futboltotal.com.mx\/2017\/07\/mexico-empata-ante-jamaica-y-deja-muchas-dudas\/\" target=\"_blank\" rel=\"noopener noreferrer\"><span style=\"color: #333399;\">VER M\u00c1S: M\u00e9xico empata ante Jamaica y deja muchas dudas<\/span><\/a><\/p>\n<p>Por su parte, <strong>Bonucci<\/strong> percibir\u00e1 un salario de 7.5 millones de euros anuales m\u00e1s otros 2.5 millones en variables y llega al <strong>Milan<\/strong> desde el inicio recibiendo la cinta de capit\u00e1n y portar\u00e1 el n\u00famero 19.<\/p>\n<p style=\"text-align: center;\"><a href=\"https:\/\/www.futboltotal.com.mx\/2017\/07\/chivas-presento-la-piel-del-campeon\/\" target=\"_blank\" rel=\"noopener noreferrer\"><span style=\"color: #333399;\">VER M\u00c1S: Esta es el nuevo uniforme del campe\u00f3n Chivas<\/span><\/a><\/p>\n<p style=\"text-align: left;\">El central ya apareci\u00f3 en las oficinas del Milan y fue recibido por alrededor de 200 tifosi, que no paraban de gritar c\u00e1nticos por la llegada del futbolista de 30 a\u00f1os.<\/p>\n<blockquote class=\"twitter-video\" data-lang=\"es\">\n<p dir=\"ltr\" lang=\"und\">&#x1f44b;&#x1f3fb; <a href=\"https:\/\/twitter.com\/bonucci_leo19\">@bonucci_leo19<\/a> at <a href=\"https:\/\/twitter.com\/hashtag\/CasaMilan?src=hash\">#CasaMilan<\/a> <a href=\"https:\/\/t.co\/p4T1CufZK7\">pic.twitter.com\/p4T1CufZK7<\/a><\/p>\n<p>\u2014 AC Milan (@acmilan) <a href=\"https:\/\/twitter.com\/acmilan\/status\/885851967528079364\">14 de julio de 2017<\/a><\/p><\/blockquote>\n<p><script async src=\"\/\/platform.twitter.com\/widgets.js\" charset=\"utf-8\"><\/script><\/p>\n","protected":false},"excerpt":{"rendered":"<p>Bonucci deja a la Juventus luego de 7 a\u00f1os con la Vecchia Signora.<\/p>\n","protected":false},"author":20,"featured_media":488338,"comment_status":"closed","ping_status":"closed","sticky":false,"template":"","format":"standard","meta":[],"categories":[7740,3839,3848],"tags":[292,5999,4102,242,5958],"_links":{"self":[{"href":"http:\/\/desarrollo.grupomedios.com\/futbol\/wp-json\/wp\/v2\/posts\/488336"}],"collection":[{"href":"http:\/\/desarrollo.grupomedios.com\/futbol\/wp-json\/wp\/v2\/posts"}],"about":[{"href":"http:\/\/desarrollo.grupomedios.com\/futbol\/wp-json\/wp\/v2\/types\/post"}],"author":[{"embeddable":true,"href":"http:\/\/desarrollo.grupomedios.com\/futbol\/wp-json\/wp\/v2\/users\/20"}],"replies":[{"embeddable":true,"href":"http:\/\/desarrollo.grupomedios.com\/futbol\/wp-json\/wp\/v2\/comments?post=488336"}],"version-history":[{"count":4,"href":"http:\/\/desarrollo.grupomedios.com\/futbol\/wp-json\/wp\/v2\/posts\/488336\/revisions"}],"predecessor-version":[{"id":488345,"href":"http:\/\/desarrollo.grupomedios.com\/futbol\/wp-json\/wp\/v2\/posts\/488336\/revisions\/488345"}],"wp:featuredmedia":[{"embeddable":true,"href":"http:\/\/desarrollo.grupomedios.com\/futbol\/wp-json\/wp\/v2\/media\/488338"}],"wp:attachment":[{"href":"http:\/\/desarrollo.grupomedios.com\/futbol\/wp-json\/wp\/v2\/media?parent=488336"}],"wp:term":[{"taxonomy":"category","embeddable":true,"href":"http:\/\/desarrollo.grupomedios.com\/futbol\/wp-json\/wp\/v2\/categories?post=488336"},{"taxonomy":"post_tag","embeddable":true,"href":"http:\/\/desarrollo.grupomedios.com\/futbol\/wp-json\/wp\/v2\/tags?post=488336"}],"curies":[{"name":"wp","href":"https:\/\/api.w.org\/{rel}","templated":true}]}}