{"id":488343,"date":"2017-07-14T09:03:07","date_gmt":"2017-07-14T14:03:07","guid":{"rendered":"https:\/\/www.futboltotal.com.mx\/?p=488343"},"modified":"2017-07-14T09:04:27","modified_gmt":"2017-07-14T14:04:27","slug":"real-madrid-confirma-fichaje-dani-ceballos","status":"publish","type":"post","link":"http:\/\/desarrollo.grupomedios.com\/futbol\/futbol-internacional\/real-madrid-confirma-fichaje-dani-ceballos\/2017\/07","title":{"rendered":"Real Madrid confirma fichaje de Dani Ceballos"},"content":{"rendered":"<p>El <strong>Real Madrid<\/strong> confirm\u00f3 el fichaje del centrocampista del <strong>Betis<\/strong>, <strong>Daniel Ceballos<\/strong>, quien estar\u00e1 ligado con los merengues por seis temporadas.<\/p>\n<p>&#8220;El <strong>Real Madrid C. F.<\/strong> y el\u00a0<b>Real Betis Balompi\u00e9<\/b>\u00a0han acordado el traspaso del jugador <strong>Dani Ceballos<\/strong>, que queda vinculado al club durante las pr\u00f3ximas seis temporadas&#8221;, inform\u00f3 el Real Madrid a trav\u00e9s de un\u00a0un comunicado.<\/p>\n<p style=\"text-align: center;\"><span style=\"color: #333399;\"><a style=\"color: #333399;\" href=\"https:\/\/www.futboltotal.com.mx\/2017\/07\/pachuca-presenta-a-bomba-keisuke-honda\/\" target=\"_blank\" rel=\"noopener noreferrer\">VER M\u00c1S: Pachuca\u00a0ficha a futbolista japon\u00e9s<\/a><\/span><\/p>\n<p><strong>Ceballos<\/strong>, centrocampista de 20 a\u00f1os, se une a las altas del defensa franc\u00e9s\u00a0<b>Theo Hern\u00e1ndez\u00a0<\/b>y del espa\u00f1ol, <strong>Jes\u00fas Vallejo<\/strong>.<\/p>\n<p>Aunque no se detalla el monto de la operaci\u00f3n, se destaca que los merengues pagar\u00e1n <strong>16.5 millones de euros<\/strong> al <strong>Betis<\/strong>, de acuerdo con el <em>diario Marca<\/em> y el <em>diario AS<\/em>.<\/p>\n<blockquote class=\"twitter-tweet\" data-lang=\"es\">\n<p dir=\"ltr\" lang=\"und\">\u26bd&#x1f58b;&#x1f1ea;&#x1f1f8; <a href=\"https:\/\/twitter.com\/hashtag\/WelcomeCeballos?src=hash\">#WelcomeCeballos<\/a><br \/>\n&#x1f449; <a href=\"https:\/\/twitter.com\/DaniCeballos46\">@DaniCeballos46<\/a><a href=\"https:\/\/twitter.com\/hashtag\/RealMadrid?src=hash\">#RealMadrid<\/a> <a href=\"https:\/\/twitter.com\/hashtag\/HalaMadrid?src=hash\">#HalaMadrid<\/a> <a href=\"https:\/\/t.co\/zNFIOsI334\">pic.twitter.com\/zNFIOsI334<\/a><\/p>\n<p>\u2014 Real Madrid C.F. (@realmadrid) <a href=\"https:\/\/twitter.com\/realmadrid\/status\/885796340856475648\">14 de julio de 2017<\/a><\/p><\/blockquote>\n<p><script async src=\"\/\/platform.twitter.com\/widgets.js\" charset=\"utf-8\"><\/script><\/p>\n<p><iframe loading=\"lazy\" src=\"https:\/\/www.youtube.com\/embed\/9xoYTsNEg68?feature=oembed\" frameborder=\"0\" allowfullscreen><\/iframe><\/p>\n<p style=\"text-align: center;\"><span style=\"color: #333399;\"><a style=\"color: #333399;\" href=\"https:\/\/www.futboltotal.com.mx\/2017\/07\/chivas-presento-la-piel-del-campeon\/\" target=\"_blank\" rel=\"noopener noreferrer\">VER M\u00c1S: Este es el nuevo uniforme de las Chivas<\/a><\/span><\/p>\n","protected":false},"excerpt":{"rendered":"<p>Con la llegada del centrocampista, los merengues hacen su tercera incorporaci\u00f3n para la siguiente campa\u00f1a<\/p>\n","protected":false},"author":20,"featured_media":486639,"comment_status":"closed","ping_status":"closed","sticky":false,"template":"","format":"standard","meta":[],"categories":[3839],"tags":[9389,253,6114,5988],"_links":{"self":[{"href":"http:\/\/desarrollo.grupomedios.com\/futbol\/wp-json\/wp\/v2\/posts\/488343"}],"collection":[{"href":"http:\/\/desarrollo.grupomedios.com\/futbol\/wp-json\/wp\/v2\/posts"}],"about":[{"href":"http:\/\/desarrollo.grupomedios.com\/futbol\/wp-json\/wp\/v2\/types\/post"}],"author":[{"embeddable":true,"href":"http:\/\/desarrollo.grupomedios.com\/futbol\/wp-json\/wp\/v2\/users\/20"}],"replies":[{"embeddable":true,"href":"http:\/\/desarrollo.grupomedios.com\/futbol\/wp-json\/wp\/v2\/comments?post=488343"}],"version-history":[{"count":3,"href":"http:\/\/desarrollo.grupomedios.com\/futbol\/wp-json\/wp\/v2\/posts\/488343\/revisions"}],"predecessor-version":[{"id":488351,"href":"http:\/\/desarrollo.grupomedios.com\/futbol\/wp-json\/wp\/v2\/posts\/488343\/revisions\/488351"}],"wp:featuredmedia":[{"embeddable":true,"href":"http:\/\/desarrollo.grupomedios.com\/futbol\/wp-json\/wp\/v2\/media\/486639"}],"wp:attachment":[{"href":"http:\/\/desarrollo.grupomedios.com\/futbol\/wp-json\/wp\/v2\/media?parent=488343"}],"wp:term":[{"taxonomy":"category","embeddable":true,"href":"http:\/\/desarrollo.grupomedios.com\/futbol\/wp-json\/wp\/v2\/categories?post=488343"},{"taxonomy":"post_tag","embeddable":true,"href":"http:\/\/desarrollo.grupomedios.com\/futbol\/wp-json\/wp\/v2\/tags?post=488343"}],"curies":[{"name":"wp","href":"https:\/\/api.w.org\/{rel}","templated":true}]}}