{"id":488346,"date":"2017-07-14T09:06:47","date_gmt":"2017-07-14T14:06:47","guid":{"rendered":"https:\/\/www.futboltotal.com.mx\/?p=488346"},"modified":"2017-07-14T09:06:47","modified_gmt":"2017-07-14T14:06:47","slug":"benfica-nego-nelson-semedo-ya-sea-jugador-barcelona","status":"publish","type":"post","link":"http:\/\/desarrollo.grupomedios.com\/futbol\/futbol-internacional\/benfica-nego-nelson-semedo-ya-sea-jugador-barcelona\/2017\/07","title":{"rendered":"Benfica neg\u00f3 que N\u00e9lson Semedo ya sea jugador del Barcelona"},"content":{"rendered":"<p class=\"DETALLE_N_titulo \"><span id=\"ctl14_lblMostra\">El <strong>Benfica<\/strong> confirm\u00f3 que ha autorizado a <strong>N\u00e9lson Semedo<\/strong>, en el marco de las negociaciones para su transferencia al <strong>Barcelona<\/strong>, para que se someta a los ex\u00e1menes m\u00e9dicos con el club azulgrana, pero apunta que a\u00fan &#8220;no est\u00e1 completado&#8221;.<\/span><\/p>\n<p>En un comunicado enviado a la Comisi\u00f3n del Mercado de Valores de Portugal (CMVM), el <strong>Benfica<\/strong> confirma las negociaciones para la transferencia aunque aclara que a\u00fan no est\u00e1n concluidas.<\/p>\n<p>La prensa deportiva portuguesa publica que dirigentes de ambos clubes y el representante del jugador, <strong>Jorge<\/strong> <strong>Mendes<\/strong>, se habr\u00edan reunido este jueves en Lisboa para avanzar en las negociaciones.<\/p>\n<blockquote class=\"twitter-tweet\" data-lang=\"es\">\n<p dir=\"ltr\" lang=\"pt\">N\u00e9lson Semedo arrives in Barcelona to sign with FC Barcelona, minute by minute <a href=\"https:\/\/t.co\/kzDIIOihFa\">https:\/\/t.co\/kzDIIOihFa<\/a> &#x1f535;&#x1f534; <a href=\"https:\/\/t.co\/K98LtRPFqk\">pic.twitter.com\/K98LtRPFqk<\/a><\/p>\n<p>\u2014 FC Barcelona (@FCBarcelona) <a href=\"https:\/\/twitter.com\/FCBarcelona\/status\/885756456858943488\">14 de julio de 2017<\/a><\/p><\/blockquote>\n<p><script async src=\"\/\/platform.twitter.com\/widgets.js\" charset=\"utf-8\"><\/script><\/p>\n<p class=\"DETALLE_N_titulo \" style=\"text-align: center;\"><span id=\"ctl14_lblMostra\"><a href=\"https:\/\/www.futboltotal.com.mx\/2017\/07\/pachuca-presenta-a-bomba-keisuke-honda\/\" target=\"_blank\" rel=\"noopener noreferrer\"><span style=\"color: #333399;\">VER M\u00c1S: Pachuca presenta al &#8216;bombazo&#8217; del Apertura 2017, Keisuke Honda<\/span><\/a><\/span><\/p>\n<p class=\"DETALLE_N_titulo \" style=\"text-align: left;\"><span id=\"ctl14_lblMostra\"><strong>N\u00e9lson Semedo<\/strong>, de 23 a\u00f1os e internacional con la selecci\u00f3n absoluta de <strong>Portugal<\/strong>, es uno de los futbolistas con mayor proyecci\u00f3n del pa\u00eds luso.<\/span><\/p>\n<p>El lateral derecho, a falta de confirmaci\u00f3n oficial, podr\u00eda quedar unido al <strong>FC Barcelona<\/strong> para los pr\u00f3ximos cinco a\u00f1os.<\/p>\n<blockquote class=\"twitter-video\" data-lang=\"es\">\n<p dir=\"ltr\" lang=\"es\">&#x1f4cd; Barcelona<br \/>\n&#x1f44b; N\u00e9lson Semedo<br \/>\n&#x1f535;&#x1f534; <a href=\"https:\/\/t.co\/vuAI9fxVYv\">pic.twitter.com\/vuAI9fxVYv<\/a><\/p>\n<p>\u2014 FC Barcelona (@FCBarcelona) <a href=\"https:\/\/twitter.com\/FCBarcelona\/status\/885743154028269572\">14 de julio de 2017<\/a><\/p><\/blockquote>\n<p><script async src=\"\/\/platform.twitter.com\/widgets.js\" charset=\"utf-8\"><\/script><br \/>\n<strong>N\u00e9lson Semedo<\/strong> lleg\u00f3 al <strong>Benfica<\/strong> B procedente del Sintrense portugu\u00e9s y en la temporada 2015-2016 se incorpor\u00f3 a la plantilla del primer equipo.<\/p>\n<p class=\"DETALLE_N_titulo \" style=\"text-align: center;\"><a href=\"https:\/\/www.futboltotal.com.mx\/2017\/07\/leonardo-bonucci-deja-a-la-juventus-fichar-milan\/\" target=\"_blank\" rel=\"noopener noreferrer\"><span style=\"color: #333399;\">VER M\u00c1S: Leonardo Bonucci deja a la Juventus y ya es jugador del Milan<\/span><\/a><\/p>\n<blockquote class=\"twitter-video\" data-lang=\"es\">\n<p dir=\"ltr\" lang=\"es\">Regate, pase corto, manejo de los espacios, buenos centros, potencia, profundidad, buena pegada&#8230; son algunas cualidades de Nelson Semedo.&#x1f51d; <a href=\"https:\/\/t.co\/WwTPsWudn4\">pic.twitter.com\/WwTPsWudn4<\/a><\/p>\n<p>\u2014 Bar\u00e7a, new era Cul\u00e9. (@nuevaeracule) <a href=\"https:\/\/twitter.com\/nuevaeracule\/status\/885617962350243841\">13 de julio de 2017<\/a><\/p><\/blockquote>\n<p><script async src=\"\/\/platform.twitter.com\/widgets.js\" charset=\"utf-8\"><\/script><\/p>\n","protected":false},"excerpt":{"rendered":"<p>Los portugueses apuntan que el traspaso a\u00fan &#8220;no est\u00e1 completado&#8221;.<\/p>\n","protected":false},"author":144,"featured_media":488348,"comment_status":"closed","ping_status":"closed","sticky":false,"template":"","format":"standard","meta":[],"categories":[7740,3839,3844,7709],"tags":[5984,6060,7834],"_links":{"self":[{"href":"http:\/\/desarrollo.grupomedios.com\/futbol\/wp-json\/wp\/v2\/posts\/488346"}],"collection":[{"href":"http:\/\/desarrollo.grupomedios.com\/futbol\/wp-json\/wp\/v2\/posts"}],"about":[{"href":"http:\/\/desarrollo.grupomedios.com\/futbol\/wp-json\/wp\/v2\/types\/post"}],"author":[{"embeddable":true,"href":"http:\/\/desarrollo.grupomedios.com\/futbol\/wp-json\/wp\/v2\/users\/144"}],"replies":[{"embeddable":true,"href":"http:\/\/desarrollo.grupomedios.com\/futbol\/wp-json\/wp\/v2\/comments?post=488346"}],"version-history":[{"count":1,"href":"http:\/\/desarrollo.grupomedios.com\/futbol\/wp-json\/wp\/v2\/posts\/488346\/revisions"}],"predecessor-version":[{"id":488353,"href":"http:\/\/desarrollo.grupomedios.com\/futbol\/wp-json\/wp\/v2\/posts\/488346\/revisions\/488353"}],"wp:featuredmedia":[{"embeddable":true,"href":"http:\/\/desarrollo.grupomedios.com\/futbol\/wp-json\/wp\/v2\/media\/488348"}],"wp:attachment":[{"href":"http:\/\/desarrollo.grupomedios.com\/futbol\/wp-json\/wp\/v2\/media?parent=488346"}],"wp:term":[{"taxonomy":"category","embeddable":true,"href":"http:\/\/desarrollo.grupomedios.com\/futbol\/wp-json\/wp\/v2\/categories?post=488346"},{"taxonomy":"post_tag","embeddable":true,"href":"http:\/\/desarrollo.grupomedios.com\/futbol\/wp-json\/wp\/v2\/tags?post=488346"}],"curies":[{"name":"wp","href":"https:\/\/api.w.org\/{rel}","templated":true}]}}