{"id":488366,"date":"2017-07-14T10:14:02","date_gmt":"2017-07-14T15:14:02","guid":{"rendered":"https:\/\/www.futboltotal.com.mx\/?p=488366"},"modified":"2017-07-14T13:50:58","modified_gmt":"2017-07-14T18:50:58","slug":"keisuke-honda-ya-una-experiencia-futbol-mexicano","status":"publish","type":"post","link":"http:\/\/desarrollo.grupomedios.com\/futbol\/futbol-mexicano\/keisuke-honda-ya-una-experiencia-futbol-mexicano\/2017\/07","title":{"rendered":"Keisuke Honda ya tiene una experiencia con el futbol mexicano"},"content":{"rendered":"<p>El nuevo <span style=\"color: #333399;\"><a style=\"color: #333399;\" href=\"https:\/\/www.futboltotal.com.mx\/2017\/07\/pachuca-presenta-a-bomba-keisuke-honda\/\" target=\"_blank\" rel=\"noopener noreferrer\">refuerzo de <strong>Pachuca<\/strong>, el japon\u00e9s <strong>Keisuke Honda<\/strong><\/a><\/span>, \u00a0ya tiene conocimiento sobre el futbol mexicano, al menos, sobre la S<strong>elecci\u00f3n Mexicana<\/strong>, pues ya los enfrent\u00f3 en una ocasi\u00f3n.<\/p>\n<p>En la <strong>Copa Confederaciones 2013<\/strong>, <strong>M\u00e9xico<\/strong> y <strong>Jap\u00f3n<\/strong> se encontraron en el tercer partido de la fase de grupos. En aquella ocasi\u00f3n, ambos equipos ya eliminados, M\u00e9xico derrot\u00f3 <strong>2-1<\/strong> al conjunto nip\u00f3n.<\/p>\n<p>J<strong>avier Chicharito Hern\u00e1ndez<\/strong> anot\u00f3 en dos ocasiones por M\u00e9xico, adem\u00e1s de fallar un penal; mientras que por Jap\u00f3n, <strong>Shinji Okazaki<\/strong> marc\u00f3 el del descuento.<\/p>\n<p style=\"text-align: center;\"><span style=\"color: #333399;\"><a style=\"color: #333399;\" href=\"https:\/\/www.futboltotal.com.mx\/2017\/07\/leonardo-bonucci-deja-a-la-juventus-fichar-milan\/\" target=\"_blank\" rel=\"noopener noreferrer\">VER M\u00c1S: AC Milan ficha a Leonardo Bonucci<\/a><\/span><\/p>\n<p><strong>Keisuke Honda<\/strong> fue titular en ese partido, jug\u00f3 los 90 minutos y port\u00f3 el n\u00famero &#8216;4&#8217;, sin embargo, no pudo brillar ante el Tri.<\/p>\n<p>De aquella selecci\u00f3n, hay varios elementos que podr\u00eda volverse a encontrar en su paso por la Liga MX: <strong>Jorge Torres Nilo<\/strong>, que milita en Tigres, <strong>Hiram Mier<\/strong> de Quer\u00e9taro, <strong>Jes\u00fas Zavala<\/strong> de Monterrey, <strong>Carlos Salcid<\/strong>o de Chivas, <strong>Javier Aquino<\/strong> de Tigres y <strong>Pablo Barrera<\/strong> de Pumas, aunque este \u00faltimo est\u00e1 lesionado por varios meses. Todos ellos vieron acci\u00f3n en ese encuentro ante Jap\u00f3n.<\/p>\n<p>Otros que estuvieron en la banca durante el cotejo, pero que a\u00fan militan en la liga azteca son: los porteros<strong> Jes\u00fas Corona<\/strong> de Cruz Azul y <strong>Alfredo Talavera<\/strong> de Toluca, <strong>Francisco &#8216;El Maza&#8217; Rodr\u00edguez<\/strong> ahora con Lobos BUAP, <strong>Gerardo Flores<\/strong> de Cruz Azul y <strong>Jes\u00fas Molina<\/strong> de Rayados.<\/p>\n<p style=\"text-align: center;\"><span style=\"color: #333399;\"><a style=\"color: #333399;\" href=\"https:\/\/www.futboltotal.com.mx\/2017\/07\/los-memes-del-empate-mexico-ante-jamaica\/\" target=\"_blank\" rel=\"noopener noreferrer\">VER M\u00c1S: Los memes del empate entre M\u00e9xico y Jamaica<\/a><\/span><\/p>\n<p><iframe loading=\"lazy\" src=\"https:\/\/www.youtube.com\/embed\/ezapxq4bQ5g?feature=oembed\" frameborder=\"0\" allowfullscreen><\/iframe><\/p>\n<p>Adem\u00e1s, cabe recordar que de 2014 a 2015, el t\u00e9cnico azteca, <strong>Javier Aguirre<\/strong>, se hizo cargo de la <strong>Selecci\u00f3n de Jap\u00f3n<\/strong>. <strong>Aguirre<\/strong> y <strong>Honda<\/strong>, disputaron juntos la <strong>Copa Asi\u00e1tica 2015<\/strong>, <strong>Honda<\/strong> anot\u00f3 dos goles en ese torneo, ante <strong>Jordania e Irak<\/strong>, ambos de penal. Aunque fueron eliminados por <strong>Emiratos \u00c1rabes Unidos<\/strong> en Cuartos de Final.<\/p>\n<p><iframe loading=\"lazy\" src=\"https:\/\/www.youtube.com\/embed\/bUzG1BzEVtA?start=43&#038;feature=oembed\" frameborder=\"0\" allowfullscreen><\/iframe><\/p>\n<p>&nbsp;<\/p>\n","protected":false},"excerpt":{"rendered":"<p>El nip\u00f3n ya ha compartido la cancha con otros futbolistas mexicanos, con los que se reencontrar\u00e1 en su paso por la LIGA MX<\/p>\n","protected":false},"author":159,"featured_media":488367,"comment_status":"closed","ping_status":"closed","sticky":false,"template":"","format":"standard","meta":[],"categories":[2198,3845],"tags":[1580,126,6092,65,5968,409],"_links":{"self":[{"href":"http:\/\/desarrollo.grupomedios.com\/futbol\/wp-json\/wp\/v2\/posts\/488366"}],"collection":[{"href":"http:\/\/desarrollo.grupomedios.com\/futbol\/wp-json\/wp\/v2\/posts"}],"about":[{"href":"http:\/\/desarrollo.grupomedios.com\/futbol\/wp-json\/wp\/v2\/types\/post"}],"author":[{"embeddable":true,"href":"http:\/\/desarrollo.grupomedios.com\/futbol\/wp-json\/wp\/v2\/users\/159"}],"replies":[{"embeddable":true,"href":"http:\/\/desarrollo.grupomedios.com\/futbol\/wp-json\/wp\/v2\/comments?post=488366"}],"version-history":[{"count":3,"href":"http:\/\/desarrollo.grupomedios.com\/futbol\/wp-json\/wp\/v2\/posts\/488366\/revisions"}],"predecessor-version":[{"id":488410,"href":"http:\/\/desarrollo.grupomedios.com\/futbol\/wp-json\/wp\/v2\/posts\/488366\/revisions\/488410"}],"wp:featuredmedia":[{"embeddable":true,"href":"http:\/\/desarrollo.grupomedios.com\/futbol\/wp-json\/wp\/v2\/media\/488367"}],"wp:attachment":[{"href":"http:\/\/desarrollo.grupomedios.com\/futbol\/wp-json\/wp\/v2\/media?parent=488366"}],"wp:term":[{"taxonomy":"category","embeddable":true,"href":"http:\/\/desarrollo.grupomedios.com\/futbol\/wp-json\/wp\/v2\/categories?post=488366"},{"taxonomy":"post_tag","embeddable":true,"href":"http:\/\/desarrollo.grupomedios.com\/futbol\/wp-json\/wp\/v2\/tags?post=488366"}],"curies":[{"name":"wp","href":"https:\/\/api.w.org\/{rel}","templated":true}]}}