{"id":488370,"date":"2017-07-14T10:32:06","date_gmt":"2017-07-14T15:32:06","guid":{"rendered":"https:\/\/www.futboltotal.com.mx\/?p=488370"},"modified":"2017-07-14T10:34:32","modified_gmt":"2017-07-14T15:34:32","slug":"fmf-apelara-sancion-juan-carlos-osorio","status":"publish","type":"post","link":"http:\/\/desarrollo.grupomedios.com\/futbol\/futbol-mexicano\/fmf-apelara-sancion-juan-carlos-osorio\/2017\/07","title":{"rendered":"FMF no apelar\u00e1 sanci\u00f3n de Juan Carlos Osorio"},"content":{"rendered":"<p>La <strong>Federaci\u00f3n Mexicana de Futbol<\/strong> (FMF) decidi\u00f3 no apelar la <span style=\"color: #333399;\"><a style=\"color: #333399;\" href=\"https:\/\/www.futboltotal.com.mx\/2017\/07\/fifa-suspende-6-partidos-a-juan-carlos-osorio\/\" target=\"_blank\" rel=\"noopener noreferrer\">sanci\u00f3n que le impuso la <strong>FIFA<\/strong> al director t\u00e9cnico de la <strong>Selecci\u00f3n Nacional<\/strong>, <strong>Juan Carlos Osorio<\/strong><\/a><\/span>.<\/p>\n<p style=\"text-align: center;\"><span style=\"color: #333399;\"><a style=\"color: #333399;\" href=\"https:\/\/www.futboltotal.com.mx\/2017\/07\/keisuke-honda-ya-una-experiencia-futbol-mexicano\/\" target=\"_blank\" rel=\"noopener noreferrer\">VER M\u00c1S: Keisuke Honda ya tiene una experiencia con el futbol mexicano<\/a><\/span><\/p>\n<p>A trav\u00e9s de un comunicado, la <strong>FMF<\/strong> indic\u00f3 que, luego de analizar los hechos ocurridos en el partido por el tercer lugar de la <strong>Copa Confederaciones de Rusia 2017<\/strong>, decidieron no apelar la sanci\u00f3n de <strong>6 partidos<\/strong> que le impusieron al estratega colombiano.<\/p>\n<p><strong>Juan Carlos Osorio<\/strong> ya ha cumplido dos partidos de los seis partidos de suspensi\u00f3n en la<strong> Copa Oro<\/strong>, ante <strong>El Salvador y Jamaica<\/strong>, ahora le restan 4 encuentros m\u00e1s, por lo que, en caso de llegar a la final, cumplir\u00eda todos sus encuentros de inactividad en el mismo torneo.<\/p>\n<p style=\"text-align: center;\"><span style=\"color: #333399;\"><a style=\"color: #333399;\" href=\"https:\/\/www.futboltotal.com.mx\/2017\/07\/necaxa-anuncia-a-pablo-velazquez-refuerzo\/\" target=\"_blank\" rel=\"noopener noreferrer\">VER M\u00c1S: Necaxa ficha a Campe\u00f3n de goleo de la Liga MX<\/a><\/span><\/p>\n<p><a href=\"https:\/\/www.futboltotal.com.mx\/wp-content\/uploads\/2017\/07\/FMF-Osorio.jpg\"><img decoding=\"async\" loading=\"lazy\" class=\"alignnone size-full wp-image-488375\" src=\"https:\/\/www.futboltotal.com.mx\/wp-content\/uploads\/2017\/07\/FMF-Osorio.jpg\" alt=\"FMF no apelar\u00e1 sanci\u00f3n de Juan Carlos Osorio 0\" srcset=\"http:\/\/desarrollo.grupomedios.com\/futbol\/wp-content\/uploads\/2017\/07\/FMF-Osorio.jpg 717w, http:\/\/desarrollo.grupomedios.com\/futbol\/wp-content\/uploads\/2017\/07\/FMF-Osorio-276x300.jpg 276w\" sizes=\"(max-width: 717px) 100vw, 717px\" \/><\/a><\/p>\n","protected":false},"excerpt":{"rendered":"<p>La Federaci\u00f3n Mexicana de Futbol determin\u00f3 aceptar los 6 partidos que le dieron al estratega colombiano<\/p>\n","protected":false},"author":20,"featured_media":475005,"comment_status":"closed","ping_status":"closed","sticky":false,"template":"","format":"standard","meta":[],"categories":[2198,3847],"tags":[1580,223,6196,65,409],"_links":{"self":[{"href":"http:\/\/desarrollo.grupomedios.com\/futbol\/wp-json\/wp\/v2\/posts\/488370"}],"collection":[{"href":"http:\/\/desarrollo.grupomedios.com\/futbol\/wp-json\/wp\/v2\/posts"}],"about":[{"href":"http:\/\/desarrollo.grupomedios.com\/futbol\/wp-json\/wp\/v2\/types\/post"}],"author":[{"embeddable":true,"href":"http:\/\/desarrollo.grupomedios.com\/futbol\/wp-json\/wp\/v2\/users\/20"}],"replies":[{"embeddable":true,"href":"http:\/\/desarrollo.grupomedios.com\/futbol\/wp-json\/wp\/v2\/comments?post=488370"}],"version-history":[{"count":1,"href":"http:\/\/desarrollo.grupomedios.com\/futbol\/wp-json\/wp\/v2\/posts\/488370\/revisions"}],"predecessor-version":[{"id":488379,"href":"http:\/\/desarrollo.grupomedios.com\/futbol\/wp-json\/wp\/v2\/posts\/488370\/revisions\/488379"}],"wp:featuredmedia":[{"embeddable":true,"href":"http:\/\/desarrollo.grupomedios.com\/futbol\/wp-json\/wp\/v2\/media\/475005"}],"wp:attachment":[{"href":"http:\/\/desarrollo.grupomedios.com\/futbol\/wp-json\/wp\/v2\/media?parent=488370"}],"wp:term":[{"taxonomy":"category","embeddable":true,"href":"http:\/\/desarrollo.grupomedios.com\/futbol\/wp-json\/wp\/v2\/categories?post=488370"},{"taxonomy":"post_tag","embeddable":true,"href":"http:\/\/desarrollo.grupomedios.com\/futbol\/wp-json\/wp\/v2\/tags?post=488370"}],"curies":[{"name":"wp","href":"https:\/\/api.w.org\/{rel}","templated":true}]}}