{"id":488401,"date":"2017-07-14T11:32:34","date_gmt":"2017-07-14T16:32:34","guid":{"rendered":"https:\/\/www.futboltotal.com.mx\/?p=488401"},"modified":"2017-07-14T11:32:34","modified_gmt":"2017-07-14T16:32:34","slug":"jugador-comete-fail-revela-tercer-uniforme-del-real-madrid","status":"publish","type":"post","link":"http:\/\/desarrollo.grupomedios.com\/futbol\/uncategorized\/jugador-comete-fail-revela-tercer-uniforme-del-real-madrid\/2017\/07","title":{"rendered":"Jugador comete fail y revela el tercer uniforme del Real Madrid"},"content":{"rendered":"<p>El futbolista del <strong>Real Madrid<\/strong>, <strong>Nacho<\/strong>, public\u00f3 un mensaje en su cuenta de Twitter en el que mostr\u00f3 la tercera equipaci\u00f3n del <strong>Real Madrid<\/strong>.<\/p>\n<p>En un claro error por parte del jugador merengue, poco despu\u00e9s elimin\u00f3 el tuit, en el que hac\u00eda referencia a los botines <strong>Adidas<\/strong> que lo patrocinan.<\/p>\n<p style=\"text-align: center;\"><span style=\"color: #333399;\"><a style=\"color: #333399;\" href=\"https:\/\/www.futboltotal.com.mx\/2017\/07\/keisuke-honda-ya-una-experiencia-futbol-mexicano\/\" target=\"_blank\" rel=\"noopener noreferrer\">VER M\u00c1S: Keisuke Honda ya conoce a varios jugadores de la Liga MX<\/a><\/span><\/p>\n<p><a href=\"https:\/\/www.futboltotal.com.mx\/wp-content\/uploads\/2017\/07\/nacho-real-madrid.jpg\"><img decoding=\"async\" loading=\"lazy\" class=\"alignnone size-full wp-image-488402\" src=\"https:\/\/www.futboltotal.com.mx\/wp-content\/uploads\/2017\/07\/nacho-real-madrid.jpg\" alt=\"Jugador comete fail y revela el tercer uniforme del Real Madrid 0\" srcset=\"http:\/\/desarrollo.grupomedios.com\/futbol\/wp-content\/uploads\/2017\/07\/nacho-real-madrid.jpg 634w, http:\/\/desarrollo.grupomedios.com\/futbol\/wp-content\/uploads\/2017\/07\/nacho-real-madrid-193x300.jpg 193w\" sizes=\"(max-width: 634px) 100vw, 634px\" \/><\/a><\/p>\n<p>Sin embargo, en la fotograf\u00eda que subi\u00f3, se muestra con la indumentaria del <strong>Real Madrid<\/strong>, que en redes ya se da por un hecho que ser\u00e1 el tercer uniforme del conjunto campe\u00f3n de Europa.<\/p>\n<p><a href=\"https:\/\/www.futboltotal.com.mx\/wp-content\/uploads\/2017\/07\/nacho-real-madrid-2.jpg\"><img decoding=\"async\" loading=\"lazy\" class=\"alignnone size-full wp-image-488403\" src=\"https:\/\/www.futboltotal.com.mx\/wp-content\/uploads\/2017\/07\/nacho-real-madrid-2.jpg\" alt=\"Jugador comete fail y revela el tercer uniforme del Real Madrid 1\" srcset=\"http:\/\/desarrollo.grupomedios.com\/futbol\/wp-content\/uploads\/2017\/07\/nacho-real-madrid-2.jpg 787w, http:\/\/desarrollo.grupomedios.com\/futbol\/wp-content\/uploads\/2017\/07\/nacho-real-madrid-2-150x150.jpg 150w, http:\/\/desarrollo.grupomedios.com\/futbol\/wp-content\/uploads\/2017\/07\/nacho-real-madrid-2-300x300.jpg 300w, http:\/\/desarrollo.grupomedios.com\/futbol\/wp-content\/uploads\/2017\/07\/nacho-real-madrid-2-768x768.jpg 768w\" sizes=\"(max-width: 787px) 100vw, 787px\" \/><\/a><\/p>\n<p style=\"text-align: center;\"><span style=\"color: #333399;\"><a style=\"color: #333399;\" href=\"https:\/\/www.futboltotal.com.mx\/2017\/07\/necaxa-anuncia-a-pablo-velazquez-refuerzo\/\" target=\"_blank\" rel=\"noopener noreferrer\">VER M\u00c1S: Necaxa ficha a Campe\u00f3n de goleo de la Liga MX<\/a><\/span><\/p>\n<p>&nbsp;<\/p>\n","protected":false},"excerpt":{"rendered":"<p>El futbolista espa\u00f1ol cometi\u00f3 un error al publicar una fotograf\u00eda en redes sociales, que poco despu\u00e9s baj\u00f3<\/p>\n","protected":false},"author":20,"featured_media":484932,"comment_status":"closed","ping_status":"closed","sticky":false,"template":"","format":"standard","meta":[],"categories":[3839,1],"tags":[6114,8901,5988],"_links":{"self":[{"href":"http:\/\/desarrollo.grupomedios.com\/futbol\/wp-json\/wp\/v2\/posts\/488401"}],"collection":[{"href":"http:\/\/desarrollo.grupomedios.com\/futbol\/wp-json\/wp\/v2\/posts"}],"about":[{"href":"http:\/\/desarrollo.grupomedios.com\/futbol\/wp-json\/wp\/v2\/types\/post"}],"author":[{"embeddable":true,"href":"http:\/\/desarrollo.grupomedios.com\/futbol\/wp-json\/wp\/v2\/users\/20"}],"replies":[{"embeddable":true,"href":"http:\/\/desarrollo.grupomedios.com\/futbol\/wp-json\/wp\/v2\/comments?post=488401"}],"version-history":[{"count":2,"href":"http:\/\/desarrollo.grupomedios.com\/futbol\/wp-json\/wp\/v2\/posts\/488401\/revisions"}],"predecessor-version":[{"id":488406,"href":"http:\/\/desarrollo.grupomedios.com\/futbol\/wp-json\/wp\/v2\/posts\/488401\/revisions\/488406"}],"wp:featuredmedia":[{"embeddable":true,"href":"http:\/\/desarrollo.grupomedios.com\/futbol\/wp-json\/wp\/v2\/media\/484932"}],"wp:attachment":[{"href":"http:\/\/desarrollo.grupomedios.com\/futbol\/wp-json\/wp\/v2\/media?parent=488401"}],"wp:term":[{"taxonomy":"category","embeddable":true,"href":"http:\/\/desarrollo.grupomedios.com\/futbol\/wp-json\/wp\/v2\/categories?post=488401"},{"taxonomy":"post_tag","embeddable":true,"href":"http:\/\/desarrollo.grupomedios.com\/futbol\/wp-json\/wp\/v2\/tags?post=488401"}],"curies":[{"name":"wp","href":"https:\/\/api.w.org\/{rel}","templated":true}]}}