{"id":488407,"date":"2017-07-14T11:57:55","date_gmt":"2017-07-14T16:57:55","guid":{"rendered":"https:\/\/www.futboltotal.com.mx\/?p=488407"},"modified":"2017-07-14T11:57:55","modified_gmt":"2017-07-14T16:57:55","slug":"cardona-sera-salto-calidad-boca-juniors-mohamed","status":"publish","type":"post","link":"http:\/\/desarrollo.grupomedios.com\/futbol\/futbol-mexicano\/cardona-sera-salto-calidad-boca-juniors-mohamed\/2017\/07","title":{"rendered":"Cardona ser\u00e1 un salto de calidad para Boca Juniors: Mohamed"},"content":{"rendered":"<p>El estratega de <strong>Rayados de Monterrey<\/strong>, <strong>Antonio Mohamed<\/strong> se deshizo en elogios para el futbolista colombiano, <strong>Edwin Cardona<\/strong>, e indic\u00f3 que le ayudar\u00e1 a <strong>Boca Juniors<\/strong>.<\/p>\n<blockquote><p>&#8220;Es de selecci\u00f3n. Siempre que la toca pasa algo. Su incorporaci\u00f3n ser\u00eda un salto de calidad para <strong>Boca<\/strong>.\u00a0Tiene una gran pegada y enorme velocidad mental, siempre que la pelota pasa por sus pies la jugada tiene finalizaci\u00f3n&#8221;, expres\u00f3 el estratega en una charla con\u00a0<em>Sportia<\/em>, en <em>TyC Sports<\/em>.<\/p><\/blockquote>\n<p style=\"text-align: center;\"><span style=\"color: #333399;\"><a style=\"color: #333399;\" href=\"https:\/\/www.futboltotal.com.mx\/2017\/07\/keisuke-honda-ya-una-experiencia-futbol-mexicano\/\" target=\"_blank\" rel=\"noopener noreferrer\">VER M\u00c1S: Keisuke Honda ya conoce a varios jugadores de la Liga MX<\/a><\/span><\/p>\n<p>Adem\u00e1s, el <strong>&#8216;Turco&#8217;<\/strong> indic\u00f3 que\u00a0la salida del colombiano no fue\u00a0&#8220;por problemas disciplinarios&#8221;. Sin embargo, dej\u00f3 claro que <strong>Rayados<\/strong> no tiene la intenci\u00f3n de vender a <strong>Cardona<\/strong>, sino de desprenderse de \u00e9l en pr\u00e9stamo.<\/p>\n<blockquote><p>&#8220;Va a jugar en otra instituci\u00f3n. Los\u00a0directivos\u00a0est\u00e1n buscando la mejor opci\u00f3n,\u00a0pero no van a venderlo<strong>.\u00a0Cardona<\/strong> est\u00e1 esperando algo de <strong>Europa<\/strong> pero\u00a0le seduce jugar en <strong>Boca<\/strong>, y el club quiere prestarlo&#8221;, finaliz\u00f3.<\/p><\/blockquote>\n<p style=\"text-align: center;\"><span style=\"color: #333399;\"><a style=\"color: #333399;\" href=\"https:\/\/www.futboltotal.com.mx\/2017\/07\/messi-neymar-adelantan-regreso-reportan-barcelona\/\" target=\"_blank\" rel=\"noopener noreferrer\">VER M\u00c1S: Messi y Neymar ya reportan con el Barcelona<\/a><\/span><\/p>\n","protected":false},"excerpt":{"rendered":"<p>El estratega de los Rayados de Monterrey dej\u00f3 en claro que el futbolista s\u00f3lo saldr\u00eda en calidad de pr\u00e9stamo<\/p>\n","protected":false},"author":20,"featured_media":480469,"comment_status":"closed","ping_status":"closed","sticky":false,"template":"","format":"standard","meta":[],"categories":[2198,3845],"tags":[1587,1683,6133,64,5966,497],"_links":{"self":[{"href":"http:\/\/desarrollo.grupomedios.com\/futbol\/wp-json\/wp\/v2\/posts\/488407"}],"collection":[{"href":"http:\/\/desarrollo.grupomedios.com\/futbol\/wp-json\/wp\/v2\/posts"}],"about":[{"href":"http:\/\/desarrollo.grupomedios.com\/futbol\/wp-json\/wp\/v2\/types\/post"}],"author":[{"embeddable":true,"href":"http:\/\/desarrollo.grupomedios.com\/futbol\/wp-json\/wp\/v2\/users\/20"}],"replies":[{"embeddable":true,"href":"http:\/\/desarrollo.grupomedios.com\/futbol\/wp-json\/wp\/v2\/comments?post=488407"}],"version-history":[{"count":1,"href":"http:\/\/desarrollo.grupomedios.com\/futbol\/wp-json\/wp\/v2\/posts\/488407\/revisions"}],"predecessor-version":[{"id":488408,"href":"http:\/\/desarrollo.grupomedios.com\/futbol\/wp-json\/wp\/v2\/posts\/488407\/revisions\/488408"}],"wp:featuredmedia":[{"embeddable":true,"href":"http:\/\/desarrollo.grupomedios.com\/futbol\/wp-json\/wp\/v2\/media\/480469"}],"wp:attachment":[{"href":"http:\/\/desarrollo.grupomedios.com\/futbol\/wp-json\/wp\/v2\/media?parent=488407"}],"wp:term":[{"taxonomy":"category","embeddable":true,"href":"http:\/\/desarrollo.grupomedios.com\/futbol\/wp-json\/wp\/v2\/categories?post=488407"},{"taxonomy":"post_tag","embeddable":true,"href":"http:\/\/desarrollo.grupomedios.com\/futbol\/wp-json\/wp\/v2\/tags?post=488407"}],"curies":[{"name":"wp","href":"https:\/\/api.w.org\/{rel}","templated":true}]}}