{"id":488418,"date":"2017-07-14T13:47:38","date_gmt":"2017-07-14T18:47:38","guid":{"rendered":"https:\/\/www.futboltotal.com.mx\/?p=488418"},"modified":"2017-07-14T13:50:53","modified_gmt":"2017-07-14T18:50:53","slug":"porto-borra-a-mexicanos-plantel","status":"publish","type":"post","link":"http:\/\/desarrollo.grupomedios.com\/futbol\/destacado-home\/porto-borra-a-mexicanos-plantel\/2017\/07","title":{"rendered":"\u00a1Porto borra a mexicanos de su plantel!"},"content":{"rendered":"<p><strong>Porto<\/strong> se prepara para encarar su pretemporada rumbo a la campa\u00f1a 2017-18, donde tendr\u00e1n una gira por M\u00e9xico donde enfrentar\u00e1n a Cruz Azul y Chivas; sin embargo, tres de los futbolistas mexicanos pertenecientes al conjunto luso ya no forman parte de la plantilla del <em>Drag\u00f3n<\/em>.<\/p>\n<p>En su portal web, <strong>Porto<\/strong> tiene la lista de los jugadores que comprenden su n\u00f3mina de cara a la temporada 2017-18, donde sorprende la ausencia de Diego Reyes, quien culminaba pr\u00e9stamo con Espanyol y deb\u00eda volver a los <em>Dragones<\/em>; H\u00e9ctor Herrera, y Miguel Lay\u00fan, \u00e9ste ya hab\u00eda sido borrado desde media campa\u00f1a anterior.<\/p>\n<p style=\"text-align: center;\"><span style=\"color: #3366ff;\"><a style=\"color: #3366ff;\" href=\"https:\/\/www.futboltotal.com.mx\/2017\/07\/pachuca-presenta-a-bomba-keisuke-honda\/\" target=\"_blank\" rel=\"noopener noreferrer\"><strong>VER M\u00c1S: Pachuca anuncia nuevo fichaje internacional<\/strong><\/a><\/span><\/p>\n<p>Medios lusos creen que los tres futbolistas mexicanos ya tienen un acuerdo con otro club; el caso de Diego Reyes ser\u00eda el m\u00e1s concreto pues Espanyol ya habr\u00eda expresado su inter\u00e9s por adquirirlo definitivamente. Cabe destacar que Jes\u00fas <em>Tecatito<\/em> Corona se mantiene en la plantilla, pese a que se rumor\u00f3 su salida; adem\u00e1s, Ra\u00fal Gudi\u00f1o fue aceptado en el primer equipo.<\/p>\n<p><a href=\"https:\/\/www.futboltotal.com.mx\/wp-content\/uploads\/2017\/07\/porto-plantel-2017-18.jpg\"><img decoding=\"async\" loading=\"lazy\" class=\"alignnone size-full wp-image-488421\" src=\"https:\/\/www.futboltotal.com.mx\/wp-content\/uploads\/2017\/07\/porto-plantel-2017-18.jpg\" alt=\"\u00a1Porto borra a mexicanos de su plantel! 0\" srcset=\"http:\/\/desarrollo.grupomedios.com\/futbol\/wp-content\/uploads\/2017\/07\/porto-plantel-2017-18.jpg 1136w, http:\/\/desarrollo.grupomedios.com\/futbol\/wp-content\/uploads\/2017\/07\/porto-plantel-2017-18-300x169.jpg 300w, http:\/\/desarrollo.grupomedios.com\/futbol\/wp-content\/uploads\/2017\/07\/porto-plantel-2017-18-768x432.jpg 768w, http:\/\/desarrollo.grupomedios.com\/futbol\/wp-content\/uploads\/2017\/07\/porto-plantel-2017-18-1024x576.jpg 1024w, http:\/\/desarrollo.grupomedios.com\/futbol\/wp-content\/uploads\/2017\/07\/porto-plantel-2017-18-317x178.jpg 317w, http:\/\/desarrollo.grupomedios.com\/futbol\/wp-content\/uploads\/2017\/07\/porto-plantel-2017-18-535x301.jpg 535w, http:\/\/desarrollo.grupomedios.com\/futbol\/wp-content\/uploads\/2017\/07\/porto-plantel-2017-18-374x210.jpg 374w\" sizes=\"(max-width: 1136px) 100vw, 1136px\" \/><\/a><\/p>\n<p style=\"text-align: center;\"><span style=\"color: #3366ff;\"><a style=\"color: #3366ff;\" href=\"https:\/\/www.futboltotal.com.mx\/2017\/07\/charly-futbol-y-necaxa-presentaron-su-nueva-piel\/\" target=\"_blank\" rel=\"noopener noreferrer\"><strong>VER M\u00c1S: Necaxa presenta nueva piel confeccionada por Charly F\u00fatbol<\/strong><\/a><\/span><\/p>\n<blockquote class=\"twitter-tweet\" data-lang=\"es\">\n<p dir=\"ltr\" lang=\"pt\">Pretemporada <a href=\"https:\/\/twitter.com\/FCPorto\">@FCPorto<\/a> &#x1f535;\u26aa\ufe0f\u26bd\ufe0f<br \/>\n&#8212;&#8212;&#8212;&#8212;&#8212;&#8212;&#8212;&#8212;&#8211;<a href=\"https:\/\/twitter.com\/Cruz_Azul_FC\">@Cruz_Azul_FC<\/a> &#x1f1f2;&#x1f1fd;<a href=\"https:\/\/twitter.com\/Chivas\">@Chivas<\/a> &#x1f1f2;&#x1f1fd;<a href=\"https:\/\/twitter.com\/VitoriaSC1922\">@VitoriaSC1922<\/a> &#x1f1f5;&#x1f1f9;<a href=\"https:\/\/twitter.com\/PortimonenseSC\">@PortimonenseSC<\/a> &#x1f1f5;&#x1f1f9;<a href=\"https:\/\/twitter.com\/RCDeportivo\">@RCDeportivo<\/a> &#x1f1ea;&#x1f1f8; <a href=\"https:\/\/t.co\/wNqsPZ5DCf\">pic.twitter.com\/wNqsPZ5DCf<\/a><\/p>\n<p>\u2014 Iker Casillas (@IkerCasillas) <a href=\"https:\/\/twitter.com\/IkerCasillas\/status\/885823252387549184\">14 de julio de 2017<\/a><\/p><\/blockquote>\n<p><script async src=\"\/\/platform.twitter.com\/widgets.js\" charset=\"utf-8\"><\/script><\/p>\n<p style=\"text-align: center;\"><span style=\"color: #3366ff;\"><a style=\"color: #3366ff;\" href=\"https:\/\/www.futboltotal.com.mx\/2017\/07\/fmf-apelara-sancion-juan-carlos-osorio\/\" target=\"_blank\" rel=\"noopener noreferrer\"><strong>VER M\u00c1S: FMF accede a sanci\u00f3n para Osorio<\/strong><\/a><\/span><\/p>\n","protected":false},"excerpt":{"rendered":"<p>Tres aztecas desaparecen de la n\u00f3mina de los Dragones para 2017-18.<\/p>\n","protected":false},"author":20,"featured_media":488423,"comment_status":"closed","ping_status":"closed","sticky":false,"template":"","format":"standard","meta":[],"categories":[5,3839,7709,6718],"tags":[6006,6214,5995,7179,4545,1035,1208,4596],"_links":{"self":[{"href":"http:\/\/desarrollo.grupomedios.com\/futbol\/wp-json\/wp\/v2\/posts\/488418"}],"collection":[{"href":"http:\/\/desarrollo.grupomedios.com\/futbol\/wp-json\/wp\/v2\/posts"}],"about":[{"href":"http:\/\/desarrollo.grupomedios.com\/futbol\/wp-json\/wp\/v2\/types\/post"}],"author":[{"embeddable":true,"href":"http:\/\/desarrollo.grupomedios.com\/futbol\/wp-json\/wp\/v2\/users\/20"}],"replies":[{"embeddable":true,"href":"http:\/\/desarrollo.grupomedios.com\/futbol\/wp-json\/wp\/v2\/comments?post=488418"}],"version-history":[{"count":1,"href":"http:\/\/desarrollo.grupomedios.com\/futbol\/wp-json\/wp\/v2\/posts\/488418\/revisions"}],"predecessor-version":[{"id":488424,"href":"http:\/\/desarrollo.grupomedios.com\/futbol\/wp-json\/wp\/v2\/posts\/488418\/revisions\/488424"}],"wp:featuredmedia":[{"embeddable":true,"href":"http:\/\/desarrollo.grupomedios.com\/futbol\/wp-json\/wp\/v2\/media\/488423"}],"wp:attachment":[{"href":"http:\/\/desarrollo.grupomedios.com\/futbol\/wp-json\/wp\/v2\/media?parent=488418"}],"wp:term":[{"taxonomy":"category","embeddable":true,"href":"http:\/\/desarrollo.grupomedios.com\/futbol\/wp-json\/wp\/v2\/categories?post=488418"},{"taxonomy":"post_tag","embeddable":true,"href":"http:\/\/desarrollo.grupomedios.com\/futbol\/wp-json\/wp\/v2\/tags?post=488418"}],"curies":[{"name":"wp","href":"https:\/\/api.w.org\/{rel}","templated":true}]}}