{"id":488442,"date":"2017-07-14T15:13:48","date_gmt":"2017-07-14T20:13:48","guid":{"rendered":"https:\/\/www.futboltotal.com.mx\/?p=488442"},"modified":"2017-07-14T15:13:48","modified_gmt":"2017-07-14T20:13:48","slug":"kaka-se-vuelve-a-poner-la-playera-del-ac-milan","status":"publish","type":"post","link":"http:\/\/desarrollo.grupomedios.com\/futbol\/futbol-internacional\/kaka-se-vuelve-a-poner-la-playera-del-ac-milan\/2017\/07","title":{"rendered":"Kak\u00e1 se vuelve a poner la playera del AC Milan"},"content":{"rendered":"<p>El futbolista brasile\u00f1o,\u00a0<strong>Ricardo Izecson dos Santos Leite<\/strong>, mejor conocido como <strong>Kak\u00e1<\/strong>, presumi\u00f3 una fotograf\u00eda con la camiseta del<strong> AC Milan<\/strong>.<\/p>\n<p style=\"text-align: center;\"><span style=\"color: #333399;\"><a style=\"color: #333399;\" href=\"https:\/\/www.futboltotal.com.mx\/2017\/07\/pachuca-presenta-a-bomba-keisuke-honda\/\" target=\"_blank\" rel=\"noopener noreferrer\">VER M\u00c1S: Jugador del AC Milan llega a Tuzos de Pachuca<\/a><\/span><\/p>\n<p>A trav\u00e9s de Twitter presumi\u00f3 un posteo que realiz\u00f3 en la p\u00e1gina Viktre, en donde se muestra con la camiseta del <strong>AC Milan<\/strong> y su <strong>Bal\u00f3n de Oro<\/strong>.<\/p>\n<blockquote class=\"twitter-tweet\" data-lang=\"es\">\n<p dir=\"ltr\" lang=\"it\">Maglia nuova&#8230; vecchio cuore! Grazie <a href=\"https:\/\/twitter.com\/acmilan\">@acmilan<\/a> <a href=\"https:\/\/t.co\/AjUuvWIjCQ\">https:\/\/t.co\/AjUuvWIjCQ<\/a><\/p>\n<p>\u2014 Kaka (@KAKA) <a href=\"https:\/\/twitter.com\/KAKA\/status\/885900938745004032\">14 de julio de 2017<\/a><\/p><\/blockquote>\n<p><script async src=\"\/\/platform.twitter.com\/widgets.js\" charset=\"utf-8\"><\/script><\/p>\n<p>El actual futbolista del <strong>Orlando City<\/strong> de la MSL, vivi\u00f3 dos etapas con el <strong>AC Milan<\/strong>, la primera del 2003 al 2009 y la segunda del 2013 al 2014.<\/p>\n<p>En 2007 gan\u00f3 el <strong>Bal\u00f3n de Oro<\/strong> que aparece en la fotograf\u00eda, el \u00faltimo futbolista en ganarlo antes del duopolio entre <strong>Lionel Messi<\/strong> y <strong>Cristiano Ronaldo.<\/strong><\/p>\n<p><a href=\"https:\/\/www.futboltotal.com.mx\/wp-content\/uploads\/2017\/07\/kaka-milan.jpg\"><img decoding=\"async\" loading=\"lazy\" class=\"alignnone size-full wp-image-488444\" src=\"https:\/\/www.futboltotal.com.mx\/wp-content\/uploads\/2017\/07\/kaka-milan.jpg\" alt=\"Kak\u00e1 se vuelve a poner la playera del AC Milan 0\" srcset=\"http:\/\/desarrollo.grupomedios.com\/futbol\/wp-content\/uploads\/2017\/07\/kaka-milan.jpg 759w, http:\/\/desarrollo.grupomedios.com\/futbol\/wp-content\/uploads\/2017\/07\/kaka-milan-291x300.jpg 291w\" sizes=\"(max-width: 759px) 100vw, 759px\" \/><\/a><\/p>\n<p><iframe loading=\"lazy\" src=\"https:\/\/www.youtube.com\/embed\/D7zSb6gzPKA?feature=oembed\" frameborder=\"0\" allowfullscreen><\/iframe><\/p>\n<p style=\"text-align: center;\"><span style=\"color: #333399;\"><a style=\"color: #333399;\" href=\"https:\/\/www.futboltotal.com.mx\/2017\/07\/porto-borra-a-mexicanos-plantel\/\" target=\"_blank\" rel=\"noopener noreferrer\">VER M\u00c1S: Porto borra a mexicanos de su plantel<\/a><\/span><\/p>\n<p>&nbsp;<\/p>\n","protected":false},"excerpt":{"rendered":"<p>El futbolista presumi\u00f3 su jersey del cuadro rossonero, en donde milit\u00f3 y con quien gan\u00f3 el Bal\u00f3n de Oro<\/p>\n","protected":false},"author":20,"featured_media":401111,"comment_status":"closed","ping_status":"closed","sticky":false,"template":"","format":"standard","meta":[],"categories":[3839],"tags":[1630,222,211,195,5766],"_links":{"self":[{"href":"http:\/\/desarrollo.grupomedios.com\/futbol\/wp-json\/wp\/v2\/posts\/488442"}],"collection":[{"href":"http:\/\/desarrollo.grupomedios.com\/futbol\/wp-json\/wp\/v2\/posts"}],"about":[{"href":"http:\/\/desarrollo.grupomedios.com\/futbol\/wp-json\/wp\/v2\/types\/post"}],"author":[{"embeddable":true,"href":"http:\/\/desarrollo.grupomedios.com\/futbol\/wp-json\/wp\/v2\/users\/20"}],"replies":[{"embeddable":true,"href":"http:\/\/desarrollo.grupomedios.com\/futbol\/wp-json\/wp\/v2\/comments?post=488442"}],"version-history":[{"count":2,"href":"http:\/\/desarrollo.grupomedios.com\/futbol\/wp-json\/wp\/v2\/posts\/488442\/revisions"}],"predecessor-version":[{"id":488447,"href":"http:\/\/desarrollo.grupomedios.com\/futbol\/wp-json\/wp\/v2\/posts\/488442\/revisions\/488447"}],"wp:featuredmedia":[{"embeddable":true,"href":"http:\/\/desarrollo.grupomedios.com\/futbol\/wp-json\/wp\/v2\/media\/401111"}],"wp:attachment":[{"href":"http:\/\/desarrollo.grupomedios.com\/futbol\/wp-json\/wp\/v2\/media?parent=488442"}],"wp:term":[{"taxonomy":"category","embeddable":true,"href":"http:\/\/desarrollo.grupomedios.com\/futbol\/wp-json\/wp\/v2\/categories?post=488442"},{"taxonomy":"post_tag","embeddable":true,"href":"http:\/\/desarrollo.grupomedios.com\/futbol\/wp-json\/wp\/v2\/tags?post=488442"}],"curies":[{"name":"wp","href":"https:\/\/api.w.org\/{rel}","templated":true}]}}