{"id":488483,"date":"2017-07-14T20:29:16","date_gmt":"2017-07-15T01:29:16","guid":{"rendered":"https:\/\/www.futboltotal.com.mx\/?p=488483"},"modified":"2017-07-14T20:29:16","modified_gmt":"2017-07-15T01:29:16","slug":"sunderland-rinde-homenaje-a-grande-fan","status":"publish","type":"post","link":"http:\/\/desarrollo.grupomedios.com\/futbol\/futbol-internacional\/sunderland-rinde-homenaje-a-grande-fan\/2017\/07","title":{"rendered":"Sunderland rinde homenaje a su m\u00e1s grande fan"},"content":{"rendered":"<p><strong>Bradley Lowery<\/strong>, un ni\u00f1o de seis a\u00f1os que era fan del <strong>Sunderland<\/strong>, falleci\u00f3 el pasado 7 de julio a causa de c\u00e1ncer terminal. El ni\u00f1o tuvo el apoyo de Jermain Defoe, ex jugador del club ingl\u00e9s, durante sus \u00faltimas semanas de vida, lo que impuls\u00f3 al equipo a concientizar a las personas, sobre la enfermedad.<\/p>\n<p>\u201cHablo constantemente con su familia y hace unos d\u00edas estuve con \u00e9l. Fue duro verle sufrir as\u00ed&#8221;, explic\u00f3 Jermain Defoe a la prensa. El suceso caus\u00f3 la conmoci\u00f3n en <strong>Sunderland<\/strong>, tanto en el club como en la ciudad, por lo que una semana m\u00e1s tarde, decidieron despedirlo con un emotivo homenaje.<\/p>\n<p style=\"text-align: center;\"><span style=\"color: #3366ff;\"><a style=\"color: #3366ff;\" href=\"https:\/\/www.futboltotal.com.mx\/2017\/07\/comentaristas-deportivos-se-ponen-melancolicos\/\" target=\"_blank\" rel=\"noopener noreferrer\"><strong>VER M\u00c1S: Comentaristas deportivos se ponen nost\u00e1lgicos<\/strong><\/a><\/span><\/p>\n<p>\u201cMiles se reunieron para dar el \u00faltimo adi\u00f3s a <strong>Bradley Lowery<\/strong>, quien conmovi\u00f3 corazones alrededor del mundo, durante su batalla contra el neuroblastoma (c\u00e1ncer en los ri\u00f1ones). El peque\u00f1o falleci\u00f3 el pasado viernes, a la edad de seis, tras perder la batalla contra la enfermedad\u201d, indic\u00f3 la <em>BBC<\/em>, en recopilaci\u00f3n de im\u00e1genes del homenaje.<\/p>\n<p>\u201c<strong>Bradley Lowery<\/strong> amaba al <strong>Sunderland<\/strong> y logr\u00f3 hacer amistad con su h\u00e9roe, Jermain Defoe. Muchos aficionados llevaron camisetas para honrarlo en su funeral, donde acudieron familiares, amigos y personalidades del deporte\u201d, agreg\u00f3 el medio.<\/p>\n<p style=\"text-align: center;\"><span style=\"color: #3366ff;\"><a style=\"color: #3366ff;\" href=\"https:\/\/www.futboltotal.com.mx\/2017\/07\/sergio-ramos-nada-con-tiburones\/\" target=\"_blank\" rel=\"noopener noreferrer\"><strong>VER M\u00c1S: Capit\u00e1n del Real Madrid conoce el mundo Maya<\/strong><\/a><\/span><\/p>\n<blockquote class=\"twitter-video\" data-lang=\"es\">\n<p dir=\"ltr\" lang=\"en\">An incredible turn out on the streets to say goodbye to little Bradley Lowery <a href=\"https:\/\/twitter.com\/hashtag\/SAFC?src=hash\">#SAFC<\/a> <a href=\"https:\/\/t.co\/stF94xnkEx\">pic.twitter.com\/stF94xnkEx<\/a><\/p>\n<p>\u2014 BBC Sport (@BBCSport) <a href=\"https:\/\/twitter.com\/BBCSport\/status\/885894289645084673\">14 de julio de 2017<\/a><\/p><\/blockquote>\n<p><script async src=\"\/\/platform.twitter.com\/widgets.js\" charset=\"utf-8\"><\/script><\/p>\n<p style=\"text-align: center;\"><span style=\"color: #3366ff;\"><a style=\"color: #3366ff;\" href=\"https:\/\/www.futboltotal.com.mx\/2017\/07\/queretaro-da-a-conocer-nuevo-jersey-local\/\" target=\"_blank\" rel=\"noopener noreferrer\"><strong>VER M\u00c1S: Quer\u00e9taro da a conocer su nuevo uniforme<\/strong><\/a><\/span><\/p>\n","protected":false},"excerpt":{"rendered":"<p>Afici\u00f3n y equipo se congregan para una despedida p\u00f3stuma memorable.<\/p>\n","protected":false},"author":20,"featured_media":488484,"comment_status":"closed","ping_status":"closed","sticky":false,"template":"","format":"standard","meta":[],"categories":[5419,3839,3846],"tags":[5460,2126],"_links":{"self":[{"href":"http:\/\/desarrollo.grupomedios.com\/futbol\/wp-json\/wp\/v2\/posts\/488483"}],"collection":[{"href":"http:\/\/desarrollo.grupomedios.com\/futbol\/wp-json\/wp\/v2\/posts"}],"about":[{"href":"http:\/\/desarrollo.grupomedios.com\/futbol\/wp-json\/wp\/v2\/types\/post"}],"author":[{"embeddable":true,"href":"http:\/\/desarrollo.grupomedios.com\/futbol\/wp-json\/wp\/v2\/users\/20"}],"replies":[{"embeddable":true,"href":"http:\/\/desarrollo.grupomedios.com\/futbol\/wp-json\/wp\/v2\/comments?post=488483"}],"version-history":[{"count":1,"href":"http:\/\/desarrollo.grupomedios.com\/futbol\/wp-json\/wp\/v2\/posts\/488483\/revisions"}],"predecessor-version":[{"id":488485,"href":"http:\/\/desarrollo.grupomedios.com\/futbol\/wp-json\/wp\/v2\/posts\/488483\/revisions\/488485"}],"wp:featuredmedia":[{"embeddable":true,"href":"http:\/\/desarrollo.grupomedios.com\/futbol\/wp-json\/wp\/v2\/media\/488484"}],"wp:attachment":[{"href":"http:\/\/desarrollo.grupomedios.com\/futbol\/wp-json\/wp\/v2\/media?parent=488483"}],"wp:term":[{"taxonomy":"category","embeddable":true,"href":"http:\/\/desarrollo.grupomedios.com\/futbol\/wp-json\/wp\/v2\/categories?post=488483"},{"taxonomy":"post_tag","embeddable":true,"href":"http:\/\/desarrollo.grupomedios.com\/futbol\/wp-json\/wp\/v2\/tags?post=488483"}],"curies":[{"name":"wp","href":"https:\/\/api.w.org\/{rel}","templated":true}]}}