{"id":488531,"date":"2017-07-15T09:45:31","date_gmt":"2017-07-15T14:45:31","guid":{"rendered":"https:\/\/www.futboltotal.com.mx\/?p=488531"},"modified":"2017-07-15T09:45:31","modified_gmt":"2017-07-15T14:45:31","slug":"matias-britos-viaja-arabia-saudita","status":"publish","type":"post","link":"http:\/\/desarrollo.grupomedios.com\/futbol\/futbol-mexicano\/matias-britos-viaja-arabia-saudita\/2017\/07","title":{"rendered":"Mat\u00edas Britos ya viaja a Arabia Saudita"},"content":{"rendered":"<p>El ahora ex delantero de <strong>Pumas<\/strong>, <strong>Mat\u00edas Britos<\/strong>, ya viaja rumbo a Arabia Saudita, donde jugar\u00e1 para el\u00a0<strong>Al-Hilal.<\/strong><\/p>\n<p><strong>Britos<\/strong> sali\u00f3 de la ciudad de M\u00e9xico rumbo a su nuevo club, donde llegar\u00e1 a realizar ex\u00e1menes m\u00e9dicos y cerrar\u00e1 su fichaje que lo vincula con el club \u00e1rabe por dos a\u00f1os, de acuerdo con el <em>diario R\u00e9cord<\/em>.<\/p>\n<p style=\"text-align: center;\"><span style=\"color: #333399;\"><a style=\"color: #333399;\" href=\"https:\/\/www.futboltotal.com.mx\/2017\/07\/roma-le-da-la-bienvenida-a-hector-moreno\/\" target=\"_blank\" rel=\"noopener noreferrer\">VER M\u00c1S: H\u00e9ctor Moreno ya est\u00e1 en Roma<\/a><\/span><\/p>\n<p><strong>Mat\u00edas Britos<\/strong> se marcha del futbol mexicano despu\u00e9s de hacer gran parte de su carrera en la<strong> Liga MX,<\/strong> primero con<strong> Le\u00f3n<\/strong>, con quien consigui\u00f3 el bicampeonato en el\u00a0<strong>Apertura 2013<\/strong>\u00a0y\u00a0<strong>Clausura 2014\u00a0<\/strong>y posteriormente con <strong>Pumas<\/strong>.<\/p>\n<p style=\"text-align: center;\"><span style=\"color: #333399;\"><a style=\"color: #333399;\" href=\"https:\/\/www.futboltotal.com.mx\/2017\/07\/sergio-ramos-nada-con-tiburones\/\" target=\"_blank\" rel=\"noopener noreferrer\">VER M\u00c1S: Sergio Ramos nada con tiburones<\/a><\/span><\/p>\n<p>&nbsp;<\/p>\n","protected":false},"excerpt":{"rendered":"<p>El ex delantero de Pumas, se march\u00f3 de la CDMX para incorporarse en su nueva instituci\u00f3n<\/p>\n","protected":false},"author":20,"featured_media":450770,"comment_status":"closed","ping_status":"closed","sticky":false,"template":"","format":"standard","meta":[],"categories":[2198,3845],"tags":[1485,64,436,74],"_links":{"self":[{"href":"http:\/\/desarrollo.grupomedios.com\/futbol\/wp-json\/wp\/v2\/posts\/488531"}],"collection":[{"href":"http:\/\/desarrollo.grupomedios.com\/futbol\/wp-json\/wp\/v2\/posts"}],"about":[{"href":"http:\/\/desarrollo.grupomedios.com\/futbol\/wp-json\/wp\/v2\/types\/post"}],"author":[{"embeddable":true,"href":"http:\/\/desarrollo.grupomedios.com\/futbol\/wp-json\/wp\/v2\/users\/20"}],"replies":[{"embeddable":true,"href":"http:\/\/desarrollo.grupomedios.com\/futbol\/wp-json\/wp\/v2\/comments?post=488531"}],"version-history":[{"count":1,"href":"http:\/\/desarrollo.grupomedios.com\/futbol\/wp-json\/wp\/v2\/posts\/488531\/revisions"}],"predecessor-version":[{"id":488532,"href":"http:\/\/desarrollo.grupomedios.com\/futbol\/wp-json\/wp\/v2\/posts\/488531\/revisions\/488532"}],"wp:featuredmedia":[{"embeddable":true,"href":"http:\/\/desarrollo.grupomedios.com\/futbol\/wp-json\/wp\/v2\/media\/450770"}],"wp:attachment":[{"href":"http:\/\/desarrollo.grupomedios.com\/futbol\/wp-json\/wp\/v2\/media?parent=488531"}],"wp:term":[{"taxonomy":"category","embeddable":true,"href":"http:\/\/desarrollo.grupomedios.com\/futbol\/wp-json\/wp\/v2\/categories?post=488531"},{"taxonomy":"post_tag","embeddable":true,"href":"http:\/\/desarrollo.grupomedios.com\/futbol\/wp-json\/wp\/v2\/tags?post=488531"}],"curies":[{"name":"wp","href":"https:\/\/api.w.org\/{rel}","templated":true}]}}