{"id":488535,"date":"2017-07-15T10:43:27","date_gmt":"2017-07-15T15:43:27","guid":{"rendered":"https:\/\/www.futboltotal.com.mx\/?p=488535"},"modified":"2017-07-15T10:43:27","modified_gmt":"2017-07-15T15:43:27","slug":"hijo-del-chaco-ha-hecho-nada-estar-en-cruz-azul","status":"publish","type":"post","link":"http:\/\/desarrollo.grupomedios.com\/futbol\/futbol-mexicano\/hijo-del-chaco-ha-hecho-nada-estar-en-cruz-azul\/2017\/07","title":{"rendered":"&#8220;Hijo del Chaco no ha hecho nada para estar en Cruz Azul&#8221;"},"content":{"rendered":"<p>Luego que<strong> &#8216;Billy&#8217; \u00c1lvarez<\/strong>\u00a0comparar\u00e1 al <strong>Santiago Gim\u00e9nez,<\/strong> hijo del <strong>Chaco,<\/strong> con<strong> Mart\u00edn Galv\u00e1n<\/strong>, ex canterano cementero, este \u00faltimo sali\u00f3 a hablar y decir su verdad sobre lo sucedido.<\/p>\n<blockquote><p>\u201cHace rato vi la entrevista y s\u00ed, da coraje por muchas cosas. Es cierto, yo la \u00faltima vez que vi a <strong>\u2018Billy&#8217;<\/strong> personalmente me coment\u00f3 eso, que \u00e9l hab\u00eda sido uno de los responsables de que yo estuviera en el primer equipo y siempre pens\u00e9 que \u00e9l s\u00ed me quer\u00eda, pero ya<strong> Cruz Azul<\/strong> est\u00e1 muy da\u00f1ado de otras personas ajenas a m\u00ed y a otros jugadores\u201d, expres\u00f3 el futbolista, para <em>ESPN<\/em>.<\/p><\/blockquote>\n<p style=\"text-align: center;\"><span style=\"color: #333399;\"><a style=\"color: #333399;\" href=\"https:\/\/www.futboltotal.com.mx\/2017\/07\/la-gente-en-mexico-cree-facil-estar-en-europa-memo-ochoa\/\" target=\"_blank\" rel=\"noopener noreferrer\">VER M\u00c1S: La gente en M\u00e9xico cree que es f\u00e1cil estar en Europa<\/a><\/span><\/p>\n<blockquote><p>\u201cNadie m\u00e1s que mi familia o algunos amigos muy cercanos saben lo que ha pasado conmigo. Para la gente es f\u00e1cil hablar, siempre el amarillismo va a sobresalir en este pa\u00eds y a m\u00ed me pueden tachar de lo peor, de algunas cosas muy feas. Todo mundo sabe que yo comet\u00ed errores, no puedo decirte que no los comet\u00ed, pero<strong> \u2018Billy\u2019<\/strong> en la entrevista me compara con el hijo del \u2018Chaco\u2019. Para m\u00ed el<strong> \u2018Chaco\u2019 es un jugadorazo<\/strong>, es un gran ejemplo, pero seamos sinceros, <strong>el hijo del \u2018Chaco\u2019<\/strong>, y lo voy a decir con todo el respeto del mundo, <strong>no ha hecho nada como para demostrar que merece estar ah\u00ed<\/strong>\u201d,\u00a0indic\u00f3 Galv\u00e1n.<\/p><\/blockquote>\n<p>Adem\u00e1s, expres\u00f3 su deseo porque <strong>Cruz Azul<\/strong> mir\u00e9 a los j\u00f3venes canteranos en lugar de traer extranjeros e indic\u00f3 que pens\u00f3 en retirarse del futbol, pero ahora, gracias a su hija, espera poder resurgir en el balompi\u00e9.<\/p>\n<p style=\"text-align: center;\"><span style=\"color: #333399;\"><a style=\"color: #333399;\" href=\"https:\/\/www.futboltotal.com.mx\/2017\/07\/te-acuerdas-la-revancha-del-tri-primer-titulo-copa-oro\/\" target=\"_blank\" rel=\"noopener noreferrer\">VER M\u00c1S: Roma le da la bienvenida a H\u00e9ctor Moreno<\/a><\/span><\/p>\n","protected":false},"excerpt":{"rendered":"<p>El ex canterano cementero despotric\u00f3 contra la dirigencia del cuadro cementero<\/p>\n","protected":false},"author":20,"featured_media":471468,"comment_status":"closed","ping_status":"closed","sticky":false,"template":"","format":"standard","meta":[],"categories":[2198,3845],"tags":[368,5962,64,1866],"_links":{"self":[{"href":"http:\/\/desarrollo.grupomedios.com\/futbol\/wp-json\/wp\/v2\/posts\/488535"}],"collection":[{"href":"http:\/\/desarrollo.grupomedios.com\/futbol\/wp-json\/wp\/v2\/posts"}],"about":[{"href":"http:\/\/desarrollo.grupomedios.com\/futbol\/wp-json\/wp\/v2\/types\/post"}],"author":[{"embeddable":true,"href":"http:\/\/desarrollo.grupomedios.com\/futbol\/wp-json\/wp\/v2\/users\/20"}],"replies":[{"embeddable":true,"href":"http:\/\/desarrollo.grupomedios.com\/futbol\/wp-json\/wp\/v2\/comments?post=488535"}],"version-history":[{"count":1,"href":"http:\/\/desarrollo.grupomedios.com\/futbol\/wp-json\/wp\/v2\/posts\/488535\/revisions"}],"predecessor-version":[{"id":488536,"href":"http:\/\/desarrollo.grupomedios.com\/futbol\/wp-json\/wp\/v2\/posts\/488535\/revisions\/488536"}],"wp:featuredmedia":[{"embeddable":true,"href":"http:\/\/desarrollo.grupomedios.com\/futbol\/wp-json\/wp\/v2\/media\/471468"}],"wp:attachment":[{"href":"http:\/\/desarrollo.grupomedios.com\/futbol\/wp-json\/wp\/v2\/media?parent=488535"}],"wp:term":[{"taxonomy":"category","embeddable":true,"href":"http:\/\/desarrollo.grupomedios.com\/futbol\/wp-json\/wp\/v2\/categories?post=488535"},{"taxonomy":"post_tag","embeddable":true,"href":"http:\/\/desarrollo.grupomedios.com\/futbol\/wp-json\/wp\/v2\/tags?post=488535"}],"curies":[{"name":"wp","href":"https:\/\/api.w.org\/{rel}","templated":true}]}}