{"id":488539,"date":"2017-07-15T11:53:36","date_gmt":"2017-07-15T16:53:36","guid":{"rendered":"https:\/\/www.futboltotal.com.mx\/?p=488539"},"modified":"2017-07-15T11:53:36","modified_gmt":"2017-07-15T16:53:36","slug":"nike-presenta-nueva-linea-zapatos","status":"publish","type":"post","link":"http:\/\/desarrollo.grupomedios.com\/futbol\/futbol-mexicano\/nike-presenta-nueva-linea-zapatos\/2017\/07","title":{"rendered":"Nike presenta su nueva l\u00ednea de zapatos"},"content":{"rendered":"<p style=\"text-align: center;\"><span style=\"color: #333399;\"><a style=\"color: #333399;\" href=\"https:\/\/en-vivo.futboltotal.com.mx\/partido\/nike-presenta-nueva-linea-zapatos\/133\/\" target=\"_blank\" rel=\"noopener noreferrer\">Da click aqu\u00ed y ira en vivo el evento\u00a0de Nike<\/a><\/span><\/p>\n<p><strong>Nike<\/strong> presentar\u00e1 su nueva l\u00ednea de zapatos que te ayudar\u00e1n a obtener velocidad explosiva.<\/p>\n<p>El evento que se llevar\u00e1 a cabo este s\u00e1bado, tendr\u00e1 dos grandes sorpresa; se sabe que estar\u00e1n dos jugadores de la <strong>Selecci\u00f3n Mexicana<\/strong> que disput\u00f3 la <strong>Copa Confederaciones<\/strong>.<\/p>\n<p style=\"text-align: center;\"><a style=\"color: #333399;\" href=\"https:\/\/en-vivo.futboltotal.com.mx\/partido\/nike-presenta-nueva-linea-zapatos\/133\/\" target=\"_blank\" rel=\"noopener noreferrer\">Da click aqu\u00ed y ira en vivo el evento\u00a0de Nike<\/a><\/p>\n<p>Se especula que ambos futbolistas son de <strong>Europa<\/strong>, uno de ellos juega en <strong>Portugal<\/strong> y el otro en el futbol de <strong>Espa\u00f1a<\/strong>.<\/p>\n<p>Para la publicidad de estos zapatos, ha aparecido el <strong>Chucky Lozano<\/strong>, nuevo jugador del <strong>PSV<\/strong>. No te pierdas la transmisi\u00f3n en vivo de este evento, y no olvides <strong>&#8220;P\u00f3ntelos y r\u00edfate&#8221;<\/strong>.<\/p>\n<p style=\"text-align: center;\"><a style=\"color: #333399;\" href=\"https:\/\/en-vivo.futboltotal.com.mx\/partido\/nike-presenta-nueva-linea-zapatos\/133\/\" target=\"_blank\" rel=\"noopener noreferrer\">Da click aqu\u00ed y ira en vivo el evento\u00a0de Nike<\/a><\/p>\n","protected":false},"excerpt":{"rendered":"<p>En la presentaci\u00f3n estar\u00e1n dos seleccionados mexicanos que disputaron la Copa Confederaciones de Rusia 2017<\/p>\n","protected":false},"author":20,"featured_media":488540,"comment_status":"closed","ping_status":"closed","sticky":false,"template":"","format":"standard","meta":[],"categories":[5419,2198],"tags":[1580,377,409],"_links":{"self":[{"href":"http:\/\/desarrollo.grupomedios.com\/futbol\/wp-json\/wp\/v2\/posts\/488539"}],"collection":[{"href":"http:\/\/desarrollo.grupomedios.com\/futbol\/wp-json\/wp\/v2\/posts"}],"about":[{"href":"http:\/\/desarrollo.grupomedios.com\/futbol\/wp-json\/wp\/v2\/types\/post"}],"author":[{"embeddable":true,"href":"http:\/\/desarrollo.grupomedios.com\/futbol\/wp-json\/wp\/v2\/users\/20"}],"replies":[{"embeddable":true,"href":"http:\/\/desarrollo.grupomedios.com\/futbol\/wp-json\/wp\/v2\/comments?post=488539"}],"version-history":[{"count":1,"href":"http:\/\/desarrollo.grupomedios.com\/futbol\/wp-json\/wp\/v2\/posts\/488539\/revisions"}],"predecessor-version":[{"id":488544,"href":"http:\/\/desarrollo.grupomedios.com\/futbol\/wp-json\/wp\/v2\/posts\/488539\/revisions\/488544"}],"wp:featuredmedia":[{"embeddable":true,"href":"http:\/\/desarrollo.grupomedios.com\/futbol\/wp-json\/wp\/v2\/media\/488540"}],"wp:attachment":[{"href":"http:\/\/desarrollo.grupomedios.com\/futbol\/wp-json\/wp\/v2\/media?parent=488539"}],"wp:term":[{"taxonomy":"category","embeddable":true,"href":"http:\/\/desarrollo.grupomedios.com\/futbol\/wp-json\/wp\/v2\/categories?post=488539"},{"taxonomy":"post_tag","embeddable":true,"href":"http:\/\/desarrollo.grupomedios.com\/futbol\/wp-json\/wp\/v2\/tags?post=488539"}],"curies":[{"name":"wp","href":"https:\/\/api.w.org\/{rel}","templated":true}]}}